{"id":8496,"date":"2025-04-22T07:12:04","date_gmt":"2025-04-22T07:12:04","guid":{"rendered":"https:\/\/www.etxekit.com\/?p=8496"},"modified":"2025-04-22T07:12:04","modified_gmt":"2025-04-22T07:12:04","slug":"durangoko-pasioaren-edizio-berria","status":"publish","type":"post","link":"https:\/\/www.etxekit.com\/eu\/durangoko-pasioaren-edizio-berria\/","title":{"rendered":"DURANGOKO PASIOAREN EDIZIO BERRIA"},"content":{"rendered":"<p>Durangoko Pasioak, Euskadiko Aste Santuko emanaldirik esanguratsuenetako batek, <a href=\"https:\/\/www.deia.eus\/bizkaia\/2025\/04\/19\/pasion-durango-despide-mirando-relevo-9537666.html\">30. edizioa ospatu<\/a> du 2025eko apirilaren 16, 17 eta 18an Santa Ana plazan.<\/p>\n<div class=\"row\">\n<div class=\"col-md-12 col-xs-12\">Juan de Iciar Kultur Elkarteak antolatutako ekitaldi hau, eszenatokian eta antolaketan parte hartzen duten 120 boluntario baino gehiagoren dedikazioari esker da posible.<\/div>\n<div><\/div>\n<\/div>\n<div><a href=\"https:\/\/www.etxekit.com\/wp-content\/uploads\/2025\/04\/Plataforma-II-Pasion-Durango.png\" data-rel=\"lightbox-image-0\" data-rl_title=\"\" data-rl_caption=\"\" title=\"\"><img loading=\"lazy\" decoding=\"async\" class=\"size-medium wp-image-8493 aligncenter\" src=\"https:\/\/www.etxekit.com\/wp-content\/uploads\/2025\/04\/Plataforma-II-Pasion-Durango-300x201.png\" alt=\"\" width=\"300\" height=\"201\" srcset=\"https:\/\/www.etxekit.com\/wp-content\/uploads\/2025\/04\/Plataforma-II-Pasion-Durango-300x201.png 300w, https:\/\/www.etxekit.com\/wp-content\/uploads\/2025\/04\/Plataforma-II-Pasion-Durango-768x515.png 768w, https:\/\/www.etxekit.com\/wp-content\/uploads\/2025\/04\/Plataforma-II-Pasion-Durango-370x248.png 370w, https:\/\/www.etxekit.com\/wp-content\/uploads\/2025\/04\/Plataforma-II-Pasion-Durango-360x242.png 360w, https:\/\/www.etxekit.com\/wp-content\/uploads\/2025\/04\/Plataforma-II-Pasion-Durango.png 900w\" sizes=\"auto, (max-width: 300px) 100vw, 300px\" \/><\/a><\/div>\n<div>\n<div class=\"row\">\n<div class=\"col-md-12 col-xs-12\">Durangoko komunitatea buru-belarri sartzen da ekitaldi honetan, bere dedikazioa eta ahalegin kolektiboa islatuz. Juan de Iciar Kultur Elkarteak, Pasioa antolatzen duenak, bere esker ona adierazi die urtez urte antzezpen hau posible egiten duten partaide eta laguntzaile guztiei.<\/div>\n<div><a href=\"https:\/\/www.etxekit.com\/wp-content\/uploads\/2025\/04\/3cf3fa97-8033-41f9-87ab-a5a23cf4299a_16-9-discover-aspect-ratio_default_0.jpg\" data-rel=\"lightbox-image-1\" data-rl_title=\"\" data-rl_caption=\"\" title=\"\"><img loading=\"lazy\" decoding=\"async\" class=\"size-medium wp-image-8489 aligncenter\" src=\"https:\/\/www.etxekit.com\/wp-content\/uploads\/2025\/04\/3cf3fa97-8033-41f9-87ab-a5a23cf4299a_16-9-discover-aspect-ratio_default_0-300x169.jpg\" alt=\"\" width=\"300\" height=\"169\" srcset=\"https:\/\/www.etxekit.com\/wp-content\/uploads\/2025\/04\/3cf3fa97-8033-41f9-87ab-a5a23cf4299a_16-9-discover-aspect-ratio_default_0-300x169.jpg 300w, https:\/\/www.etxekit.com\/wp-content\/uploads\/2025\/04\/3cf3fa97-8033-41f9-87ab-a5a23cf4299a_16-9-discover-aspect-ratio_default_0-1024x576.jpg 1024w, https:\/\/www.etxekit.com\/wp-content\/uploads\/2025\/04\/3cf3fa97-8033-41f9-87ab-a5a23cf4299a_16-9-discover-aspect-ratio_default_0-768x432.jpg 768w, https:\/\/www.etxekit.com\/wp-content\/uploads\/2025\/04\/3cf3fa97-8033-41f9-87ab-a5a23cf4299a_16-9-discover-aspect-ratio_default_0-370x208.jpg 370w, https:\/\/www.etxekit.com\/wp-content\/uploads\/2025\/04\/3cf3fa97-8033-41f9-87ab-a5a23cf4299a_16-9-discover-aspect-ratio_default_0-360x203.jpg 360w, https:\/\/www.etxekit.com\/wp-content\/uploads\/2025\/04\/3cf3fa97-8033-41f9-87ab-a5a23cf4299a_16-9-discover-aspect-ratio_default_0.jpg 1200w\" sizes=\"auto, (max-width: 300px) 100vw, 300px\" \/><\/a><\/div>\n<\/div>\n<\/div>\n<p style=\"text-align: center;\">Foto: Peri\u00f3dico <a href=\"https:\/\/www.deia.eus\/bizkaia\/2025\/04\/08\/durango-celebrara-trigesima-edicion-pasion-9498348.html\">DEIA<\/a><\/p>\n<p>&nbsp;<\/p>\n<div class=\"row\">\n<div class=\"col-md-12 col-xs-12\">Durangoko komunitatea buru-belarri sartzen da ekitaldi honetan, bere dedikazioa eta ahalegin kolektiboa islatuz. Juan de Iciar Kultur Elkarteak, Pasioa antolatzen duenak, bere esker ona adierazi die urtez urte antzezpen hau posible egiten duten partaide eta laguntzaile guztiei.<\/div>\n<\/div>\n<div><\/div>\n<div>\n<p><a href=\"https:\/\/www.etxekit.com\/wp-content\/uploads\/2025\/04\/20230329_ASOCIACION-CULTURAL-JUAN-DE-ITZIAR_CO23-0067_CADOS_PLAZA-SANTA-ANA_ENTREGA_FD89M7-scaled.jpg\" data-rel=\"lightbox-image-2\" data-rl_title=\"\" data-rl_caption=\"\" title=\"\"><img loading=\"lazy\" decoding=\"async\" class=\" wp-image-8487 aligncenter\" src=\"https:\/\/www.etxekit.com\/wp-content\/uploads\/2025\/04\/20230329_ASOCIACION-CULTURAL-JUAN-DE-ITZIAR_CO23-0067_CADOS_PLAZA-SANTA-ANA_ENTREGA_FD89M7-300x144.jpg\" alt=\"\" width=\"451\" height=\"216\" srcset=\"https:\/\/www.etxekit.com\/wp-content\/uploads\/2025\/04\/20230329_ASOCIACION-CULTURAL-JUAN-DE-ITZIAR_CO23-0067_CADOS_PLAZA-SANTA-ANA_ENTREGA_FD89M7-300x144.jpg 300w, https:\/\/www.etxekit.com\/wp-content\/uploads\/2025\/04\/20230329_ASOCIACION-CULTURAL-JUAN-DE-ITZIAR_CO23-0067_CADOS_PLAZA-SANTA-ANA_ENTREGA_FD89M7-1024x492.jpg 1024w, https:\/\/www.etxekit.com\/wp-content\/uploads\/2025\/04\/20230329_ASOCIACION-CULTURAL-JUAN-DE-ITZIAR_CO23-0067_CADOS_PLAZA-SANTA-ANA_ENTREGA_FD89M7-768x369.jpg 768w, https:\/\/www.etxekit.com\/wp-content\/uploads\/2025\/04\/20230329_ASOCIACION-CULTURAL-JUAN-DE-ITZIAR_CO23-0067_CADOS_PLAZA-SANTA-ANA_ENTREGA_FD89M7-1536x738.jpg 1536w, https:\/\/www.etxekit.com\/wp-content\/uploads\/2025\/04\/20230329_ASOCIACION-CULTURAL-JUAN-DE-ITZIAR_CO23-0067_CADOS_PLAZA-SANTA-ANA_ENTREGA_FD89M7-2048x985.jpg 2048w, https:\/\/www.etxekit.com\/wp-content\/uploads\/2025\/04\/20230329_ASOCIACION-CULTURAL-JUAN-DE-ITZIAR_CO23-0067_CADOS_PLAZA-SANTA-ANA_ENTREGA_FD89M7-370x178.jpg 370w, https:\/\/www.etxekit.com\/wp-content\/uploads\/2025\/04\/20230329_ASOCIACION-CULTURAL-JUAN-DE-ITZIAR_CO23-0067_CADOS_PLAZA-SANTA-ANA_ENTREGA_FD89M7-1200x577.jpg 1200w, https:\/\/www.etxekit.com\/wp-content\/uploads\/2025\/04\/20230329_ASOCIACION-CULTURAL-JUAN-DE-ITZIAR_CO23-0067_CADOS_PLAZA-SANTA-ANA_ENTREGA_FD89M7-360x173.jpg 360w\" sizes=\"auto, (max-width: 451px) 100vw, 451px\" \/><\/a><\/p>\n<\/div>\n<div style=\"text-align: center;\"><\/div>\n<div style=\"text-align: center;\"><\/div>\n<div style=\"text-align: center;\"><a href=\"https:\/\/www.etxekit.com\/wp-content\/uploads\/2025\/04\/20240320_ASOCIACION-CULTURAL-JUAN-DE-ITZIAR_CO24-0037_CADOS_PLAZA-SANTA-ANA_MONTAJE_C410L1-scaled.jpg\" data-rel=\"lightbox-image-3\" data-rl_title=\"\" data-rl_caption=\"\" title=\"\"><img loading=\"lazy\" decoding=\"async\" class=\"alignnone wp-image-8491\" src=\"https:\/\/www.etxekit.com\/wp-content\/uploads\/2025\/04\/20240320_ASOCIACION-CULTURAL-JUAN-DE-ITZIAR_CO24-0037_CADOS_PLAZA-SANTA-ANA_MONTAJE_C410L1-300x138.jpg\" alt=\"\" width=\"442\" height=\"203\" srcset=\"https:\/\/www.etxekit.com\/wp-content\/uploads\/2025\/04\/20240320_ASOCIACION-CULTURAL-JUAN-DE-ITZIAR_CO24-0037_CADOS_PLAZA-SANTA-ANA_MONTAJE_C410L1-300x138.jpg 300w, https:\/\/www.etxekit.com\/wp-content\/uploads\/2025\/04\/20240320_ASOCIACION-CULTURAL-JUAN-DE-ITZIAR_CO24-0037_CADOS_PLAZA-SANTA-ANA_MONTAJE_C410L1-1024x472.jpg 1024w, https:\/\/www.etxekit.com\/wp-content\/uploads\/2025\/04\/20240320_ASOCIACION-CULTURAL-JUAN-DE-ITZIAR_CO24-0037_CADOS_PLAZA-SANTA-ANA_MONTAJE_C410L1-768x354.jpg 768w, https:\/\/www.etxekit.com\/wp-content\/uploads\/2025\/04\/20240320_ASOCIACION-CULTURAL-JUAN-DE-ITZIAR_CO24-0037_CADOS_PLAZA-SANTA-ANA_MONTAJE_C410L1-1536x708.jpg 1536w, https:\/\/www.etxekit.com\/wp-content\/uploads\/2025\/04\/20240320_ASOCIACION-CULTURAL-JUAN-DE-ITZIAR_CO24-0037_CADOS_PLAZA-SANTA-ANA_MONTAJE_C410L1-2048x944.jpg 2048w, https:\/\/www.etxekit.com\/wp-content\/uploads\/2025\/04\/20240320_ASOCIACION-CULTURAL-JUAN-DE-ITZIAR_CO24-0037_CADOS_PLAZA-SANTA-ANA_MONTAJE_C410L1-370x170.jpg 370w, https:\/\/www.etxekit.com\/wp-content\/uploads\/2025\/04\/20240320_ASOCIACION-CULTURAL-JUAN-DE-ITZIAR_CO24-0037_CADOS_PLAZA-SANTA-ANA_MONTAJE_C410L1-1200x553.jpg 1200w, https:\/\/www.etxekit.com\/wp-content\/uploads\/2025\/04\/20240320_ASOCIACION-CULTURAL-JUAN-DE-ITZIAR_CO24-0037_CADOS_PLAZA-SANTA-ANA_MONTAJE_C410L1-360x166.jpg 360w\" sizes=\"auto, (max-width: 442px) 100vw, 442px\" \/><\/a><\/div>\n<div><\/div>\n<div>\n<div class=\"row\">\n<div class=\"col-md-12 col-xs-12\">Emanaldien datei eta xehetasunei buruzko informazio eguneratua lortzeko, Durangoko Pasioaren webgune ofiziala bisitatzea gomendatzen da: <a href=\"http:\/\/durangokopasinoa.com\">durangokopasinoa.com<\/a><br \/>\nEz galdu tradizioa, artea eta komunitatea uztartzen dituen esperientzia paregabe hau!<\/div>\n<\/div>\n<\/div>\n<div>\n<div class=\"mceTemp\">\n<p>&nbsp;<\/p>\n<p style=\"text-align: center;\"><iframe loading=\"lazy\" title=\"YouTube video player\" src=\"https:\/\/www.youtube.com\/embed\/4M0VCNEfN_0?si=x6WNuSkOHmIgcun2\" width=\"560\" height=\"315\" frameborder=\"0\" allowfullscreen=\"allowfullscreen\"><\/iframe><\/p>\n<p style=\"text-align: center;\">Bideoa: <a href=\"https:\/\/www.youtube.com\/watch?v=4M0VCNEfN_0\">Durangoko Udala<\/a><\/p>\n<p>&nbsp;<\/p>\n<\/div>\n<\/div>\n","protected":false},"excerpt":{"rendered":"<p>Durangoko Pasioak, Euskadiko Aste Santuko emanaldirik esanguratsuenetako batek, 30. edizioa ospatu du 2025eko apirilaren 16, 17 eta 18an Santa Ana plazan. Juan de Iciar Kultur Elkarteak antolatutako ekitaldi hau, eszenatokian eta antolaketan parte hartzen duten 120 boluntario baino gehiagoren dedikazioari&#8230;<\/p>\n","protected":false},"author":4,"featured_media":8484,"comment_status":"closed","ping_status":"closed","sticky":false,"template":"","format":"standard","meta":{"footnotes":""},"categories":[25],"tags":[1426,1423,1427,154,1428,1430,1323,1431,1429,155,1425,1422,885,1432],"class_list":["post-8496","post","type-post","status-publish","format-standard","has-post-thumbnail","hentry","category-sin-categoria-eu","tag-bilbao-eu","tag-agertokiak","tag-bizkaia-eu","tag-carpa","tag-carpas-eu","tag-carpas-etxekit-eu","tag-durango","tag-escenarios-eu","tag-etxekit-eu","tag-karpa","tag-la-pasion-eu-2","tag-la-pasion-de-durango","tag-plataformak","tag-plataformas-eu"],"yoast_head":"<!-- This site is optimized with the Yoast SEO plugin v27.2 - https:\/\/yoast.com\/product\/yoast-seo-wordpress\/ -->\n<title>DURANGOKO PASIOAREN EDIZIO BERRIA - Etxekit | Soluciones Modulares<\/title>\n<meta name=\"robots\" content=\"index, follow, max-snippet:-1, max-image-preview:large, max-video-preview:-1\" \/>\n<link rel=\"canonical\" href=\"https:\/\/www.etxekit.com\/eu\/durangoko-pasioaren-edizio-berria\/\" \/>\n<meta property=\"og:locale\" content=\"en_US\" \/>\n<meta property=\"og:type\" content=\"article\" \/>\n<meta property=\"og:title\" content=\"DURANGOKO PASIOAREN EDIZIO BERRIA - Etxekit | Soluciones Modulares\" \/>\n<meta property=\"og:description\" content=\"Durangoko Pasioak, Euskadiko Aste Santuko emanaldirik esanguratsuenetako batek, 30. edizioa ospatu du 2025eko apirilaren 16, 17 eta 18an Santa Ana plazan. Juan de Iciar Kultur Elkarteak antolatutako ekitaldi hau, eszenatokian eta antolaketan parte hartzen duten 120 boluntario baino gehiagoren dedikazioari...\" \/>\n<meta property=\"og:url\" content=\"https:\/\/www.etxekit.com\/eu\/durangoko-pasioaren-edizio-berria\/\" \/>\n<meta property=\"og:site_name\" content=\"Etxekit | Soluciones Modulares\" \/>\n<meta property=\"article:published_time\" content=\"2025-04-22T07:12:04+00:00\" \/>\n<meta property=\"og:image\" content=\"https:\/\/www.etxekit.com\/wp-content\/uploads\/2025\/04\/cartel-la-pasion.jpg\" \/>\n\t<meta property=\"og:image:width\" content=\"327\" \/>\n\t<meta property=\"og:image:height\" content=\"470\" \/>\n\t<meta property=\"og:image:type\" content=\"image\/jpeg\" \/>\n<meta name=\"author\" content=\"Etxekit\" \/>\n<meta name=\"twitter:card\" content=\"summary_large_image\" \/>\n<meta name=\"twitter:label1\" content=\"Written by\" \/>\n\t<meta name=\"twitter:data1\" content=\"Etxekit\" \/>\n\t<meta name=\"twitter:label2\" content=\"Est. reading time\" \/>\n\t<meta name=\"twitter:data2\" content=\"2 minutua\" \/>\n<script type=\"application\/ld+json\" class=\"yoast-schema-graph\">{\"@context\":\"https:\/\/schema.org\",\"@graph\":[{\"@type\":\"Article\",\"@id\":\"https:\/\/www.etxekit.com\/eu\/durangoko-pasioaren-edizio-berria\/#article\",\"isPartOf\":{\"@id\":\"https:\/\/www.etxekit.com\/eu\/durangoko-pasioaren-edizio-berria\/\"},\"author\":{\"name\":\"Etxekit\",\"@id\":\"https:\/\/www.etxekit.com\/#\/schema\/person\/580977801d8357b34882dfa33f82ce18\"},\"headline\":\"DURANGOKO PASIOAREN EDIZIO BERRIA\",\"datePublished\":\"2025-04-22T07:12:04+00:00\",\"mainEntityOfPage\":{\"@id\":\"https:\/\/www.etxekit.com\/eu\/durangoko-pasioaren-edizio-berria\/\"},\"wordCount\":155,\"image\":{\"@id\":\"https:\/\/www.etxekit.com\/eu\/durangoko-pasioaren-edizio-berria\/#primaryimage\"},\"thumbnailUrl\":\"https:\/\/www.etxekit.com\/wp-content\/uploads\/2025\/04\/cartel-la-pasion.jpg\",\"keywords\":[\"#Bilbao\",\"Agertokiak\",\"Bizkaia\",\"carpa\",\"Carpas\",\"Carpas Etxekit\",\"durango\",\"Escenarios\",\"Etxekit\",\"karpa\",\"La Pasi\u00f3n\",\"La Pasi\u00f3n de Durango\",\"plataformak\",\"Plataformas\"],\"articleSection\":[\"Sin categor\u00eda @eu\"],\"inLanguage\":\"eu\"},{\"@type\":\"WebPage\",\"@id\":\"https:\/\/www.etxekit.com\/eu\/durangoko-pasioaren-edizio-berria\/\",\"url\":\"https:\/\/www.etxekit.com\/eu\/durangoko-pasioaren-edizio-berria\/\",\"name\":\"DURANGOKO PASIOAREN EDIZIO BERRIA - Etxekit | Soluciones Modulares\",\"isPartOf\":{\"@id\":\"https:\/\/www.etxekit.com\/#website\"},\"primaryImageOfPage\":{\"@id\":\"https:\/\/www.etxekit.com\/eu\/durangoko-pasioaren-edizio-berria\/#primaryimage\"},\"image\":{\"@id\":\"https:\/\/www.etxekit.com\/eu\/durangoko-pasioaren-edizio-berria\/#primaryimage\"},\"thumbnailUrl\":\"https:\/\/www.etxekit.com\/wp-content\/uploads\/2025\/04\/cartel-la-pasion.jpg\",\"datePublished\":\"2025-04-22T07:12:04+00:00\",\"author\":{\"@id\":\"https:\/\/www.etxekit.com\/#\/schema\/person\/580977801d8357b34882dfa33f82ce18\"},\"breadcrumb\":{\"@id\":\"https:\/\/www.etxekit.com\/eu\/durangoko-pasioaren-edizio-berria\/#breadcrumb\"},\"inLanguage\":\"eu\",\"potentialAction\":[{\"@type\":\"ReadAction\",\"target\":[\"https:\/\/www.etxekit.com\/eu\/durangoko-pasioaren-edizio-berria\/\"]}]},{\"@type\":\"ImageObject\",\"inLanguage\":\"eu\",\"@id\":\"https:\/\/www.etxekit.com\/eu\/durangoko-pasioaren-edizio-berria\/#primaryimage\",\"url\":\"https:\/\/www.etxekit.com\/wp-content\/uploads\/2025\/04\/cartel-la-pasion.jpg\",\"contentUrl\":\"https:\/\/www.etxekit.com\/wp-content\/uploads\/2025\/04\/cartel-la-pasion.jpg\",\"width\":327,\"height\":470},{\"@type\":\"BreadcrumbList\",\"@id\":\"https:\/\/www.etxekit.com\/eu\/durangoko-pasioaren-edizio-berria\/#breadcrumb\",\"itemListElement\":[{\"@type\":\"ListItem\",\"position\":1,\"name\":\"Portada\",\"item\":\"https:\/\/www.etxekit.com\/eu\/home\/\"},{\"@type\":\"ListItem\",\"position\":2,\"name\":\"DURANGOKO PASIOAREN EDIZIO BERRIA\"}]},{\"@type\":\"WebSite\",\"@id\":\"https:\/\/www.etxekit.com\/#website\",\"url\":\"https:\/\/www.etxekit.com\/\",\"name\":\"Etxekit | Soluciones Modulares\",\"description\":\"\",\"potentialAction\":[{\"@type\":\"SearchAction\",\"target\":{\"@type\":\"EntryPoint\",\"urlTemplate\":\"https:\/\/www.etxekit.com\/?s={search_term_string}\"},\"query-input\":{\"@type\":\"PropertyValueSpecification\",\"valueRequired\":true,\"valueName\":\"search_term_string\"}}],\"inLanguage\":\"eu\"},{\"@type\":\"Person\",\"@id\":\"https:\/\/www.etxekit.com\/#\/schema\/person\/580977801d8357b34882dfa33f82ce18\",\"name\":\"Etxekit\",\"image\":{\"@type\":\"ImageObject\",\"inLanguage\":\"eu\",\"@id\":\"https:\/\/secure.gravatar.com\/avatar\/d834642919a9e3f0b5b70c2b9b528e50f5b560e29f8ae3fc368b1f585fcdd487?s=96&d=mm&r=g\",\"url\":\"https:\/\/secure.gravatar.com\/avatar\/d834642919a9e3f0b5b70c2b9b528e50f5b560e29f8ae3fc368b1f585fcdd487?s=96&d=mm&r=g\",\"contentUrl\":\"https:\/\/secure.gravatar.com\/avatar\/d834642919a9e3f0b5b70c2b9b528e50f5b560e29f8ae3fc368b1f585fcdd487?s=96&d=mm&r=g\",\"caption\":\"Etxekit\"},\"url\":\"https:\/\/www.etxekit.com\/eu\/author\/etxekit\/\"}]}<\/script>\n<!-- \/ Yoast SEO plugin. -->","yoast_head_json":{"title":"DURANGOKO PASIOAREN EDIZIO BERRIA - Etxekit | Soluciones Modulares","robots":{"index":"index","follow":"follow","max-snippet":"max-snippet:-1","max-image-preview":"max-image-preview:large","max-video-preview":"max-video-preview:-1"},"canonical":"https:\/\/www.etxekit.com\/eu\/durangoko-pasioaren-edizio-berria\/","og_locale":"en_US","og_type":"article","og_title":"DURANGOKO PASIOAREN EDIZIO BERRIA - Etxekit | Soluciones Modulares","og_description":"Durangoko Pasioak, Euskadiko Aste Santuko emanaldirik esanguratsuenetako batek, 30. edizioa ospatu du 2025eko apirilaren 16, 17 eta 18an Santa Ana plazan. Juan de Iciar Kultur Elkarteak antolatutako ekitaldi hau, eszenatokian eta antolaketan parte hartzen duten 120 boluntario baino gehiagoren dedikazioari...","og_url":"https:\/\/www.etxekit.com\/eu\/durangoko-pasioaren-edizio-berria\/","og_site_name":"Etxekit | Soluciones Modulares","article_published_time":"2025-04-22T07:12:04+00:00","og_image":[{"width":327,"height":470,"url":"https:\/\/www.etxekit.com\/wp-content\/uploads\/2025\/04\/cartel-la-pasion.jpg","type":"image\/jpeg"}],"author":"Etxekit","twitter_card":"summary_large_image","twitter_misc":{"Written by":"Etxekit","Est. reading time":"2 minutua"},"schema":{"@context":"https:\/\/schema.org","@graph":[{"@type":"Article","@id":"https:\/\/www.etxekit.com\/eu\/durangoko-pasioaren-edizio-berria\/#article","isPartOf":{"@id":"https:\/\/www.etxekit.com\/eu\/durangoko-pasioaren-edizio-berria\/"},"author":{"name":"Etxekit","@id":"https:\/\/www.etxekit.com\/#\/schema\/person\/580977801d8357b34882dfa33f82ce18"},"headline":"DURANGOKO PASIOAREN EDIZIO BERRIA","datePublished":"2025-04-22T07:12:04+00:00","mainEntityOfPage":{"@id":"https:\/\/www.etxekit.com\/eu\/durangoko-pasioaren-edizio-berria\/"},"wordCount":155,"image":{"@id":"https:\/\/www.etxekit.com\/eu\/durangoko-pasioaren-edizio-berria\/#primaryimage"},"thumbnailUrl":"https:\/\/www.etxekit.com\/wp-content\/uploads\/2025\/04\/cartel-la-pasion.jpg","keywords":["#Bilbao","Agertokiak","Bizkaia","carpa","Carpas","Carpas Etxekit","durango","Escenarios","Etxekit","karpa","La Pasi\u00f3n","La Pasi\u00f3n de Durango","plataformak","Plataformas"],"articleSection":["Sin categor\u00eda @eu"],"inLanguage":"eu"},{"@type":"WebPage","@id":"https:\/\/www.etxekit.com\/eu\/durangoko-pasioaren-edizio-berria\/","url":"https:\/\/www.etxekit.com\/eu\/durangoko-pasioaren-edizio-berria\/","name":"DURANGOKO PASIOAREN EDIZIO BERRIA - Etxekit | Soluciones Modulares","isPartOf":{"@id":"https:\/\/www.etxekit.com\/#website"},"primaryImageOfPage":{"@id":"https:\/\/www.etxekit.com\/eu\/durangoko-pasioaren-edizio-berria\/#primaryimage"},"image":{"@id":"https:\/\/www.etxekit.com\/eu\/durangoko-pasioaren-edizio-berria\/#primaryimage"},"thumbnailUrl":"https:\/\/www.etxekit.com\/wp-content\/uploads\/2025\/04\/cartel-la-pasion.jpg","datePublished":"2025-04-22T07:12:04+00:00","author":{"@id":"https:\/\/www.etxekit.com\/#\/schema\/person\/580977801d8357b34882dfa33f82ce18"},"breadcrumb":{"@id":"https:\/\/www.etxekit.com\/eu\/durangoko-pasioaren-edizio-berria\/#breadcrumb"},"inLanguage":"eu","potentialAction":[{"@type":"ReadAction","target":["https:\/\/www.etxekit.com\/eu\/durangoko-pasioaren-edizio-berria\/"]}]},{"@type":"ImageObject","inLanguage":"eu","@id":"https:\/\/www.etxekit.com\/eu\/durangoko-pasioaren-edizio-berria\/#primaryimage","url":"https:\/\/www.etxekit.com\/wp-content\/uploads\/2025\/04\/cartel-la-pasion.jpg","contentUrl":"https:\/\/www.etxekit.com\/wp-content\/uploads\/2025\/04\/cartel-la-pasion.jpg","width":327,"height":470},{"@type":"BreadcrumbList","@id":"https:\/\/www.etxekit.com\/eu\/durangoko-pasioaren-edizio-berria\/#breadcrumb","itemListElement":[{"@type":"ListItem","position":1,"name":"Portada","item":"https:\/\/www.etxekit.com\/eu\/home\/"},{"@type":"ListItem","position":2,"name":"DURANGOKO PASIOAREN EDIZIO BERRIA"}]},{"@type":"WebSite","@id":"https:\/\/www.etxekit.com\/#website","url":"https:\/\/www.etxekit.com\/","name":"Etxekit | Soluciones Modulares","description":"","potentialAction":[{"@type":"SearchAction","target":{"@type":"EntryPoint","urlTemplate":"https:\/\/www.etxekit.com\/?s={search_term_string}"},"query-input":{"@type":"PropertyValueSpecification","valueRequired":true,"valueName":"search_term_string"}}],"inLanguage":"eu"},{"@type":"Person","@id":"https:\/\/www.etxekit.com\/#\/schema\/person\/580977801d8357b34882dfa33f82ce18","name":"Etxekit","image":{"@type":"ImageObject","inLanguage":"eu","@id":"https:\/\/secure.gravatar.com\/avatar\/d834642919a9e3f0b5b70c2b9b528e50f5b560e29f8ae3fc368b1f585fcdd487?s=96&d=mm&r=g","url":"https:\/\/secure.gravatar.com\/avatar\/d834642919a9e3f0b5b70c2b9b528e50f5b560e29f8ae3fc368b1f585fcdd487?s=96&d=mm&r=g","contentUrl":"https:\/\/secure.gravatar.com\/avatar\/d834642919a9e3f0b5b70c2b9b528e50f5b560e29f8ae3fc368b1f585fcdd487?s=96&d=mm&r=g","caption":"Etxekit"},"url":"https:\/\/www.etxekit.com\/eu\/author\/etxekit\/"}]}},"_links":{"self":[{"href":"https:\/\/www.etxekit.com\/eu\/wp-json\/wp\/v2\/posts\/8496","targetHints":{"allow":["GET"]}}],"collection":[{"href":"https:\/\/www.etxekit.com\/eu\/wp-json\/wp\/v2\/posts"}],"about":[{"href":"https:\/\/www.etxekit.com\/eu\/wp-json\/wp\/v2\/types\/post"}],"author":[{"embeddable":true,"href":"https:\/\/www.etxekit.com\/eu\/wp-json\/wp\/v2\/users\/4"}],"replies":[{"embeddable":true,"href":"https:\/\/www.etxekit.com\/eu\/wp-json\/wp\/v2\/comments?post=8496"}],"version-history":[{"count":3,"href":"https:\/\/www.etxekit.com\/eu\/wp-json\/wp\/v2\/posts\/8496\/revisions"}],"predecessor-version":[{"id":8499,"href":"https:\/\/www.etxekit.com\/eu\/wp-json\/wp\/v2\/posts\/8496\/revisions\/8499"}],"wp:featuredmedia":[{"embeddable":true,"href":"https:\/\/www.etxekit.com\/eu\/wp-json\/wp\/v2\/media\/8484"}],"wp:attachment":[{"href":"https:\/\/www.etxekit.com\/eu\/wp-json\/wp\/v2\/media?parent=8496"}],"wp:term":[{"taxonomy":"category","embeddable":true,"href":"https:\/\/www.etxekit.com\/eu\/wp-json\/wp\/v2\/categories?post=8496"},{"taxonomy":"post_tag","embeddable":true,"href":"https:\/\/www.etxekit.com\/eu\/wp-json\/wp\/v2\/tags?post=8496"}],"curies":[{"name":"wp","href":"https:\/\/api.w.org\/{rel}","templated":true}]}}