{"id":7312,"date":"2022-09-30T12:06:06","date_gmt":"2022-09-30T12:06:06","guid":{"rendered":"https:\/\/www.etxekit.com\/?p=7312"},"modified":"2022-09-30T12:06:45","modified_gmt":"2022-09-30T12:06:45","slug":"aldi-baterako-irtenbideak-enpresen-inbertsioen-garestitzearen-aurrean","status":"publish","type":"post","link":"https:\/\/www.etxekit.com\/eu\/aldi-baterako-irtenbideak-enpresen-inbertsioen-garestitzearen-aurrean\/","title":{"rendered":"Aldi baterako irtenbideak enpresen inbertsioen garestitzearen aurrean"},"content":{"rendered":"<p>Gaur egungo<strong> inflazio<\/strong>-egoera dela eta, <a href=\"https:\/\/gedar.eus\/es\/aktualitatea\/europako-banku-zentralak-interes-tasak-inoiz-baino-gehiago-igo-ditu\/\"><strong>EBZ<\/strong>k<\/a> esku hartu behar\u00a0 izan du <strong>interes-tasa<\/strong> ofizialak igotzeko(<a href=\"https:\/\/www.eitb.eus\/eu\/albisteak\/ekonomia\/osoa\/8963073\/aebko-erreserba-federalak-interestasak-0-75-igotzea-erabaki-du-azken-sei-hilabeteetako-bosgarren-igoera\/\"><b>AEBko Erreserba Federalak<\/b><\/a> gaurko egunez jada bostgarren aldiz igo ditu). Horren ondorioz, finantzaketa-kostua handitu egin da. Azken finean, enpresei eta partikularrei emandako maileguen interes-tasak garestiagoak dira. Kredituaren ikuspegitik, aurreikuspenak ez dira batere positiboak.<\/p>\n<p>Enpresa batzuk <strong>inbertsio-erabakiak<\/strong> atzeratzen ari dira, instalazioak handitzeko edo hobetzeko beharra izanda ere, inbertsio horiek <strong>finantzatzeko zailtasunak<\/strong> dituztelakoan atzera botatzen dira.<\/p>\n<p><strong>Prezioak<\/strong> eta egoera ekonomikoa <strong>egonkortu arte<\/strong>, <strong>aldi baterako erabaki<\/strong> bat izan daiteke epe laburrera <strong>(2 edo 3 urte) egitura desmuntagarriak alokatzea<\/strong>, <a href=\"https:\/\/www.etxekit.com\/eu\/\"><strong>Etxeitek<\/strong><\/a> eskaintzen dituenak bezalakoak, egungo beharrizan horiei aldi baterako erantzuteko.<\/p>\n<div id=\"attachment_7284\" style=\"width: 378px\" class=\"wp-caption aligncenter\"><a href=\"https:\/\/www.etxekit.com\/wp-content\/uploads\/2022\/09\/Inflaccion-elevada.jpg\" data-rel=\"lightbox-image-0\" data-rl_title=\"\" data-rl_caption=\"\" title=\"\"><img loading=\"lazy\" decoding=\"async\" aria-describedby=\"caption-attachment-7284\" class=\"wp-image-7284 \" src=\"https:\/\/www.etxekit.com\/wp-content\/uploads\/2022\/09\/Inflaccion-elevada-250x300.jpg\" alt=\"Inflaci\u00f3n elevada\" width=\"368\" height=\"442\" srcset=\"https:\/\/www.etxekit.com\/wp-content\/uploads\/2022\/09\/Inflaccion-elevada-250x300.jpg 250w, https:\/\/www.etxekit.com\/wp-content\/uploads\/2022\/09\/Inflaccion-elevada-300x360.jpg 300w, https:\/\/www.etxekit.com\/wp-content\/uploads\/2022\/09\/Inflaccion-elevada-360x432.jpg 360w, https:\/\/www.etxekit.com\/wp-content\/uploads\/2022\/09\/Inflaccion-elevada.jpg 587w\" sizes=\"auto, (max-width: 368px) 100vw, 368px\" \/><\/a><p id=\"caption-attachment-7284\" class=\"wp-caption-text\">Fuente gr\u00e1fico : <a href=\"https:\/\/www.ecb.europa.eu\/ecb\/educational\/explainers\/tell-me-more\/html\/interest_rates.es.html\">https:\/\/www.ecb.europa.eu\/ecb\/educational\/explainers\/tell-me-more\/html\/interest_rates.es.html<\/a><\/p><\/div>\n<p>Horrela izanik, hainbat irtenbide eman ditzakegu, hala nola:<\/p>\n<p><strong>Biltegiak edo aldi baterako pabiloiak<\/strong><\/p>\n<p>Egitura horiei esker, inbertsio handirik egin gabe, estalitako eremuak handitu ditzakegu; egun gutxiren buruan, biltegirako edo lan-eremu berrirako egokitutako gune berri horretaz gozatzeko aukera izanik.<a href=\"https:\/\/www.etxekit.com\/wp-content\/uploads\/2022\/09\/carpas.jpg\" data-rel=\"lightbox-image-1\" data-rl_title=\"\" data-rl_caption=\"\" title=\"\"><img loading=\"lazy\" decoding=\"async\" class=\" wp-image-7288 aligncenter\" src=\"https:\/\/www.etxekit.com\/wp-content\/uploads\/2022\/09\/carpas-300x191.jpg\" alt=\"Biltegirako karpa\" width=\"410\" height=\"261\" srcset=\"https:\/\/www.etxekit.com\/wp-content\/uploads\/2022\/09\/carpas-300x191.jpg 300w, https:\/\/www.etxekit.com\/wp-content\/uploads\/2022\/09\/carpas-1024x652.jpg 1024w, https:\/\/www.etxekit.com\/wp-content\/uploads\/2022\/09\/carpas-768x489.jpg 768w, https:\/\/www.etxekit.com\/wp-content\/uploads\/2022\/09\/carpas-1536x977.jpg 1536w, https:\/\/www.etxekit.com\/wp-content\/uploads\/2022\/09\/carpas-370x235.jpg 370w, https:\/\/www.etxekit.com\/wp-content\/uploads\/2022\/09\/carpas-1200x764.jpg 1200w, https:\/\/www.etxekit.com\/wp-content\/uploads\/2022\/09\/carpas-360x229.jpg 360w, https:\/\/www.etxekit.com\/wp-content\/uploads\/2022\/09\/carpas.jpg 1947w\" sizes=\"auto, (max-width: 410px) 100vw, 410px\" \/><\/a><\/p>\n<p><strong>Bulegoak eta aldagelak handitzea<\/strong><\/p>\n<p>Gerta daiteke behar jakin batengatik edo lan-taldea handitzeagatik bulegoak eta\/edo aldagelak berregituratu behar izatea; gure moduluen bidez bulego-gune edo eraikin berriak gaitzen ditugu egun edo aste gutxitan.<\/p>\n<p><a href=\"https:\/\/www.etxekit.com\/wp-content\/uploads\/2022\/09\/modulos.jpg\" data-rel=\"lightbox-image-2\" data-rl_title=\"\" data-rl_caption=\"\" title=\"\"><img loading=\"lazy\" decoding=\"async\" class=\" wp-image-7294 aligncenter\" src=\"https:\/\/www.etxekit.com\/wp-content\/uploads\/2022\/09\/modulos-300x158.jpg\" alt=\"Bulego aldagela modularrak\" width=\"452\" height=\"238\" srcset=\"https:\/\/www.etxekit.com\/wp-content\/uploads\/2022\/09\/modulos-300x158.jpg 300w, https:\/\/www.etxekit.com\/wp-content\/uploads\/2022\/09\/modulos-1024x540.jpg 1024w, https:\/\/www.etxekit.com\/wp-content\/uploads\/2022\/09\/modulos-768x405.jpg 768w, https:\/\/www.etxekit.com\/wp-content\/uploads\/2022\/09\/modulos-1536x810.jpg 1536w, https:\/\/www.etxekit.com\/wp-content\/uploads\/2022\/09\/modulos-370x195.jpg 370w, https:\/\/www.etxekit.com\/wp-content\/uploads\/2022\/09\/modulos-1200x633.jpg 1200w, https:\/\/www.etxekit.com\/wp-content\/uploads\/2022\/09\/modulos-360x190.jpg 360w, https:\/\/www.etxekit.com\/wp-content\/uploads\/2022\/09\/modulos.jpg 1871w\" sizes=\"auto, (max-width: 452px) 100vw, 452px\" \/><\/a><\/p>\n<p><strong>Sarbiderako moduluak<\/strong><\/p>\n<p>Ibilgailuena zein langileena sarbide-kontrola, ezinbestekoa da enpresa batzuetan. Moduluei esker, espazio hori leku bakoitzerako behar diren ezaugarrietara egokitu dezakegu.<\/p>\n<p><a href=\"https:\/\/www.etxekit.com\/wp-content\/uploads\/2022\/09\/control-accesos.jpg\" data-rel=\"lightbox-image-3\" data-rl_title=\"\" data-rl_caption=\"\" title=\"\"><img loading=\"lazy\" decoding=\"async\" class=\" wp-image-7303 aligncenter\" src=\"https:\/\/www.etxekit.com\/wp-content\/uploads\/2022\/09\/control-accesos-300x298.jpg\" alt=\"SARBIDE KONTROLERAKO MODULUAK\" width=\"435\" height=\"432\" srcset=\"https:\/\/www.etxekit.com\/wp-content\/uploads\/2022\/09\/control-accesos-300x298.jpg 300w, https:\/\/www.etxekit.com\/wp-content\/uploads\/2022\/09\/control-accesos-1024x1019.jpg 1024w, https:\/\/www.etxekit.com\/wp-content\/uploads\/2022\/09\/control-accesos-150x150.jpg 150w, https:\/\/www.etxekit.com\/wp-content\/uploads\/2022\/09\/control-accesos-768x764.jpg 768w, https:\/\/www.etxekit.com\/wp-content\/uploads\/2022\/09\/control-accesos-1536x1528.jpg 1536w, https:\/\/www.etxekit.com\/wp-content\/uploads\/2022\/09\/control-accesos-362x360.jpg 362w, https:\/\/www.etxekit.com\/wp-content\/uploads\/2022\/09\/control-accesos-1200x1194.jpg 1200w, https:\/\/www.etxekit.com\/wp-content\/uploads\/2022\/09\/control-accesos-360x358.jpg 360w, https:\/\/www.etxekit.com\/wp-content\/uploads\/2022\/09\/control-accesos.jpg 1551w\" sizes=\"auto, (max-width: 435px) 100vw, 435px\" \/><\/a><\/p>\n<p><strong>Prestakuntza-gelak, eskolak, haurtzaindegiak<\/strong><\/p>\n<p>Bai instalazioak birgaitu edo handitzeagatik, bai gure enpresan prestakuntza eman nahi dugulako, erosotasun guztieez osaturiko moduluekin prestakuntza-gela berriak gaitu ditzakegu.<\/p>\n<p><a href=\"https:\/\/www.etxekit.com\/wp-content\/uploads\/2022\/09\/formacion.png\" data-rel=\"lightbox-image-4\" data-rl_title=\"\" data-rl_caption=\"\" title=\"\"><img loading=\"lazy\" decoding=\"async\" class=\" wp-image-7306 aligncenter\" src=\"https:\/\/www.etxekit.com\/wp-content\/uploads\/2022\/09\/formacion-300x193.png\" alt=\"Ikasgelarako moduluak\" width=\"446\" height=\"287\" srcset=\"https:\/\/www.etxekit.com\/wp-content\/uploads\/2022\/09\/formacion-300x193.png 300w, https:\/\/www.etxekit.com\/wp-content\/uploads\/2022\/09\/formacion-1024x659.png 1024w, https:\/\/www.etxekit.com\/wp-content\/uploads\/2022\/09\/formacion-768x494.png 768w, https:\/\/www.etxekit.com\/wp-content\/uploads\/2022\/09\/formacion-1536x988.png 1536w, https:\/\/www.etxekit.com\/wp-content\/uploads\/2022\/09\/formacion-370x238.png 370w, https:\/\/www.etxekit.com\/wp-content\/uploads\/2022\/09\/formacion-1200x772.png 1200w, https:\/\/www.etxekit.com\/wp-content\/uploads\/2022\/09\/formacion-360x232.png 360w, https:\/\/www.etxekit.com\/wp-content\/uploads\/2022\/09\/formacion.png 1973w\" sizes=\"auto, (max-width: 446px) 100vw, 446px\" \/><\/a><\/p>\n<p>Aurreko irtenbideren bati dagokionez lagundu ahal dizugula uste baduzu, jar zaitez <strong><a href=\"https:\/\/www.etxekit.com\/eu\/contacto\/\">harremanetan<\/a><\/strong> gurekin.<\/p>\n<p>&nbsp;<\/p>\n<div class=\"mceTemp\"><\/div>\n","protected":false},"excerpt":{"rendered":"<p>Gaur egungo inflazio-egoera dela eta, EBZk esku hartu behar\u00a0 izan du interes-tasa ofizialak igotzeko(AEBko Erreserba Federalak gaurko egunez jada bostgarren aldiz igo ditu). Horren ondorioz, finantzaketa-kostua handitu egin da. Azken finean, enpresei eta partikularrei emandako maileguen interes-tasak garestiagoak dira. Kredituaren&#8230;<\/p>\n","protected":false},"author":4,"featured_media":7306,"comment_status":"closed","ping_status":"closed","sticky":false,"template":"","format":"standard","meta":{"footnotes":""},"categories":[43,971,632,38,970,44,42,1,25],"tags":[981,379,396,365,372,364,376,377,366,982,320,160,309,157,787,375,596,507,397,319,373,395],"class_list":["post-7312","post","type-post","status-publish","format-standard","has-post-thumbnail","hentry","category-albiste","category-carpa","category-industria","category-innovacion-eu","category-karpa","category-news","category-noticias","category-sin-categoria","category-sin-categoria-eu","tag-aeb","tag-araba-karpak","tag-berrikuntza","tag-bilbao-karpak","tag-biltegiratze-espazioak","tag-biltegiratze-karpak","tag-biltegiratze-logistika","tag-bizkaia-karpak","tag-donosti-karpak","tag-ebz","tag-eraikuntza-modularra","tag-etxekit-karpak","tag-etxekit-moduluak","tag-industria","tag-inflazioa","tag-irtenbide-modularra","tag-kasetak-araba","tag-kasetak-bilbo","tag-kasetak-bizkaia","tag-moduluak","tag-nabe-industrialak","tag-ofizina-modularra"],"yoast_head":"<!-- This site is optimized with the Yoast SEO plugin v27.2 - https:\/\/yoast.com\/product\/yoast-seo-wordpress\/ -->\n<title>Aldi baterako irtenbideak enpresen inbertsioen garestitzearen aurrean - Etxekit | Soluciones Modulares<\/title>\n<meta name=\"description\" content=\"Kredituaren ikuspegitik aurreikuspenak ez dira batere positiboak. Gaur egun eta benetako beharrak dituzten enpresa batzuk inbertsio-erabakiak atzeratzen ari dira, inbertsio horiek finantzatzeko zailtasunak dituztelako.\" \/>\n<meta name=\"robots\" content=\"index, follow, max-snippet:-1, max-image-preview:large, max-video-preview:-1\" \/>\n<link rel=\"canonical\" href=\"https:\/\/www.etxekit.com\/eu\/aldi-baterako-irtenbideak-enpresen-inbertsioen-garestitzearen-aurrean\/\" \/>\n<meta property=\"og:locale\" content=\"en_US\" \/>\n<meta property=\"og:type\" content=\"article\" \/>\n<meta property=\"og:title\" content=\"Aldi baterako irtenbideak enpresen inbertsioen garestitzearen aurrean - Etxekit | Soluciones Modulares\" \/>\n<meta property=\"og:description\" content=\"Kredituaren ikuspegitik aurreikuspenak ez dira batere positiboak. Gaur egun eta benetako beharrak dituzten enpresa batzuk inbertsio-erabakiak atzeratzen ari dira, inbertsio horiek finantzatzeko zailtasunak dituztelako.\" \/>\n<meta property=\"og:url\" content=\"https:\/\/www.etxekit.com\/eu\/aldi-baterako-irtenbideak-enpresen-inbertsioen-garestitzearen-aurrean\/\" \/>\n<meta property=\"og:site_name\" content=\"Etxekit | Soluciones Modulares\" \/>\n<meta property=\"article:published_time\" content=\"2022-09-30T12:06:06+00:00\" \/>\n<meta property=\"article:modified_time\" content=\"2022-09-30T12:06:45+00:00\" \/>\n<meta property=\"og:image\" content=\"https:\/\/www.etxekit.com\/wp-content\/uploads\/2022\/09\/formacion-1024x659.png\" \/>\n\t<meta property=\"og:image:width\" content=\"1024\" \/>\n\t<meta property=\"og:image:height\" content=\"659\" \/>\n\t<meta property=\"og:image:type\" content=\"image\/png\" \/>\n<meta name=\"author\" content=\"Etxekit\" \/>\n<meta name=\"twitter:card\" content=\"summary_large_image\" \/>\n<meta name=\"twitter:label1\" content=\"Written by\" \/>\n\t<meta name=\"twitter:data1\" content=\"Etxekit\" \/>\n\t<meta name=\"twitter:label2\" content=\"Est. reading time\" \/>\n\t<meta name=\"twitter:data2\" content=\"3 minutua\" \/>\n<script type=\"application\/ld+json\" class=\"yoast-schema-graph\">{\"@context\":\"https:\/\/schema.org\",\"@graph\":[{\"@type\":\"Article\",\"@id\":\"https:\/\/www.etxekit.com\/eu\/aldi-baterako-irtenbideak-enpresen-inbertsioen-garestitzearen-aurrean\/#article\",\"isPartOf\":{\"@id\":\"https:\/\/www.etxekit.com\/eu\/aldi-baterako-irtenbideak-enpresen-inbertsioen-garestitzearen-aurrean\/\"},\"author\":{\"name\":\"Etxekit\",\"@id\":\"https:\/\/www.etxekit.com\/#\/schema\/person\/580977801d8357b34882dfa33f82ce18\"},\"headline\":\"Aldi baterako irtenbideak enpresen inbertsioen garestitzearen aurrean\",\"datePublished\":\"2022-09-30T12:06:06+00:00\",\"dateModified\":\"2022-09-30T12:06:45+00:00\",\"mainEntityOfPage\":{\"@id\":\"https:\/\/www.etxekit.com\/eu\/aldi-baterako-irtenbideak-enpresen-inbertsioen-garestitzearen-aurrean\/\"},\"wordCount\":256,\"image\":{\"@id\":\"https:\/\/www.etxekit.com\/eu\/aldi-baterako-irtenbideak-enpresen-inbertsioen-garestitzearen-aurrean\/#primaryimage\"},\"thumbnailUrl\":\"https:\/\/www.etxekit.com\/wp-content\/uploads\/2022\/09\/formacion.png\",\"keywords\":[\"AEB\",\"araba karpak\",\"berrikuntza\",\"bilbao karpak\",\"biltegiratze espazioak\",\"biltegiratze karpak\",\"biltegiratze logistika\",\"bizkaia karpak\",\"donosti karpak\",\"ebz\",\"Eraikuntza modularra\",\"Etxekit karpak\",\"Etxekit moduluak\",\"industria\",\"inflazioa\",\"irtenbide modularra\",\"kasetak araba\",\"kasetak bilbo\",\"kasetak bizkaia\",\"moduluak\",\"nabe industrialak\",\"ofizina modularra\"],\"articleSection\":[\"Albiste\",\"carpa\",\"Industria\",\"Innovaci\u00f3n\",\"karpa\",\"News\",\"Noticias\",\"Sin categor\u00eda\",\"Sin categor\u00eda @eu\"],\"inLanguage\":\"eu\"},{\"@type\":\"WebPage\",\"@id\":\"https:\/\/www.etxekit.com\/eu\/aldi-baterako-irtenbideak-enpresen-inbertsioen-garestitzearen-aurrean\/\",\"url\":\"https:\/\/www.etxekit.com\/eu\/aldi-baterako-irtenbideak-enpresen-inbertsioen-garestitzearen-aurrean\/\",\"name\":\"Aldi baterako irtenbideak enpresen inbertsioen garestitzearen aurrean - Etxekit | Soluciones Modulares\",\"isPartOf\":{\"@id\":\"https:\/\/www.etxekit.com\/#website\"},\"primaryImageOfPage\":{\"@id\":\"https:\/\/www.etxekit.com\/eu\/aldi-baterako-irtenbideak-enpresen-inbertsioen-garestitzearen-aurrean\/#primaryimage\"},\"image\":{\"@id\":\"https:\/\/www.etxekit.com\/eu\/aldi-baterako-irtenbideak-enpresen-inbertsioen-garestitzearen-aurrean\/#primaryimage\"},\"thumbnailUrl\":\"https:\/\/www.etxekit.com\/wp-content\/uploads\/2022\/09\/formacion.png\",\"datePublished\":\"2022-09-30T12:06:06+00:00\",\"dateModified\":\"2022-09-30T12:06:45+00:00\",\"author\":{\"@id\":\"https:\/\/www.etxekit.com\/#\/schema\/person\/580977801d8357b34882dfa33f82ce18\"},\"description\":\"Kredituaren ikuspegitik aurreikuspenak ez dira batere positiboak. Gaur egun eta benetako beharrak dituzten enpresa batzuk inbertsio-erabakiak atzeratzen ari dira, inbertsio horiek finantzatzeko zailtasunak dituztelako.\",\"breadcrumb\":{\"@id\":\"https:\/\/www.etxekit.com\/eu\/aldi-baterako-irtenbideak-enpresen-inbertsioen-garestitzearen-aurrean\/#breadcrumb\"},\"inLanguage\":\"eu\",\"potentialAction\":[{\"@type\":\"ReadAction\",\"target\":[\"https:\/\/www.etxekit.com\/eu\/aldi-baterako-irtenbideak-enpresen-inbertsioen-garestitzearen-aurrean\/\"]}]},{\"@type\":\"ImageObject\",\"inLanguage\":\"eu\",\"@id\":\"https:\/\/www.etxekit.com\/eu\/aldi-baterako-irtenbideak-enpresen-inbertsioen-garestitzearen-aurrean\/#primaryimage\",\"url\":\"https:\/\/www.etxekit.com\/wp-content\/uploads\/2022\/09\/formacion.png\",\"contentUrl\":\"https:\/\/www.etxekit.com\/wp-content\/uploads\/2022\/09\/formacion.png\",\"width\":1973,\"height\":1269,\"caption\":\"Ikasgelarako moduluak\"},{\"@type\":\"BreadcrumbList\",\"@id\":\"https:\/\/www.etxekit.com\/eu\/aldi-baterako-irtenbideak-enpresen-inbertsioen-garestitzearen-aurrean\/#breadcrumb\",\"itemListElement\":[{\"@type\":\"ListItem\",\"position\":1,\"name\":\"Portada\",\"item\":\"https:\/\/www.etxekit.com\/eu\/home\/\"},{\"@type\":\"ListItem\",\"position\":2,\"name\":\"Aldi baterako irtenbideak enpresen inbertsioen garestitzearen aurrean\"}]},{\"@type\":\"WebSite\",\"@id\":\"https:\/\/www.etxekit.com\/#website\",\"url\":\"https:\/\/www.etxekit.com\/\",\"name\":\"Etxekit | Soluciones Modulares\",\"description\":\"\",\"potentialAction\":[{\"@type\":\"SearchAction\",\"target\":{\"@type\":\"EntryPoint\",\"urlTemplate\":\"https:\/\/www.etxekit.com\/?s={search_term_string}\"},\"query-input\":{\"@type\":\"PropertyValueSpecification\",\"valueRequired\":true,\"valueName\":\"search_term_string\"}}],\"inLanguage\":\"eu\"},{\"@type\":\"Person\",\"@id\":\"https:\/\/www.etxekit.com\/#\/schema\/person\/580977801d8357b34882dfa33f82ce18\",\"name\":\"Etxekit\",\"image\":{\"@type\":\"ImageObject\",\"inLanguage\":\"eu\",\"@id\":\"https:\/\/secure.gravatar.com\/avatar\/d834642919a9e3f0b5b70c2b9b528e50f5b560e29f8ae3fc368b1f585fcdd487?s=96&d=mm&r=g\",\"url\":\"https:\/\/secure.gravatar.com\/avatar\/d834642919a9e3f0b5b70c2b9b528e50f5b560e29f8ae3fc368b1f585fcdd487?s=96&d=mm&r=g\",\"contentUrl\":\"https:\/\/secure.gravatar.com\/avatar\/d834642919a9e3f0b5b70c2b9b528e50f5b560e29f8ae3fc368b1f585fcdd487?s=96&d=mm&r=g\",\"caption\":\"Etxekit\"},\"url\":\"https:\/\/www.etxekit.com\/eu\/author\/etxekit\/\"}]}<\/script>\n<!-- \/ Yoast SEO plugin. -->","yoast_head_json":{"title":"Aldi baterako irtenbideak enpresen inbertsioen garestitzearen aurrean - Etxekit | Soluciones Modulares","description":"Kredituaren ikuspegitik aurreikuspenak ez dira batere positiboak. Gaur egun eta benetako beharrak dituzten enpresa batzuk inbertsio-erabakiak atzeratzen ari dira, inbertsio horiek finantzatzeko zailtasunak dituztelako.","robots":{"index":"index","follow":"follow","max-snippet":"max-snippet:-1","max-image-preview":"max-image-preview:large","max-video-preview":"max-video-preview:-1"},"canonical":"https:\/\/www.etxekit.com\/eu\/aldi-baterako-irtenbideak-enpresen-inbertsioen-garestitzearen-aurrean\/","og_locale":"en_US","og_type":"article","og_title":"Aldi baterako irtenbideak enpresen inbertsioen garestitzearen aurrean - Etxekit | Soluciones Modulares","og_description":"Kredituaren ikuspegitik aurreikuspenak ez dira batere positiboak. Gaur egun eta benetako beharrak dituzten enpresa batzuk inbertsio-erabakiak atzeratzen ari dira, inbertsio horiek finantzatzeko zailtasunak dituztelako.","og_url":"https:\/\/www.etxekit.com\/eu\/aldi-baterako-irtenbideak-enpresen-inbertsioen-garestitzearen-aurrean\/","og_site_name":"Etxekit | Soluciones Modulares","article_published_time":"2022-09-30T12:06:06+00:00","article_modified_time":"2022-09-30T12:06:45+00:00","og_image":[{"width":1024,"height":659,"url":"https:\/\/www.etxekit.com\/wp-content\/uploads\/2022\/09\/formacion-1024x659.png","type":"image\/png"}],"author":"Etxekit","twitter_card":"summary_large_image","twitter_misc":{"Written by":"Etxekit","Est. reading time":"3 minutua"},"schema":{"@context":"https:\/\/schema.org","@graph":[{"@type":"Article","@id":"https:\/\/www.etxekit.com\/eu\/aldi-baterako-irtenbideak-enpresen-inbertsioen-garestitzearen-aurrean\/#article","isPartOf":{"@id":"https:\/\/www.etxekit.com\/eu\/aldi-baterako-irtenbideak-enpresen-inbertsioen-garestitzearen-aurrean\/"},"author":{"name":"Etxekit","@id":"https:\/\/www.etxekit.com\/#\/schema\/person\/580977801d8357b34882dfa33f82ce18"},"headline":"Aldi baterako irtenbideak enpresen inbertsioen garestitzearen aurrean","datePublished":"2022-09-30T12:06:06+00:00","dateModified":"2022-09-30T12:06:45+00:00","mainEntityOfPage":{"@id":"https:\/\/www.etxekit.com\/eu\/aldi-baterako-irtenbideak-enpresen-inbertsioen-garestitzearen-aurrean\/"},"wordCount":256,"image":{"@id":"https:\/\/www.etxekit.com\/eu\/aldi-baterako-irtenbideak-enpresen-inbertsioen-garestitzearen-aurrean\/#primaryimage"},"thumbnailUrl":"https:\/\/www.etxekit.com\/wp-content\/uploads\/2022\/09\/formacion.png","keywords":["AEB","araba karpak","berrikuntza","bilbao karpak","biltegiratze espazioak","biltegiratze karpak","biltegiratze logistika","bizkaia karpak","donosti karpak","ebz","Eraikuntza modularra","Etxekit karpak","Etxekit moduluak","industria","inflazioa","irtenbide modularra","kasetak araba","kasetak bilbo","kasetak bizkaia","moduluak","nabe industrialak","ofizina modularra"],"articleSection":["Albiste","carpa","Industria","Innovaci\u00f3n","karpa","News","Noticias","Sin categor\u00eda","Sin categor\u00eda @eu"],"inLanguage":"eu"},{"@type":"WebPage","@id":"https:\/\/www.etxekit.com\/eu\/aldi-baterako-irtenbideak-enpresen-inbertsioen-garestitzearen-aurrean\/","url":"https:\/\/www.etxekit.com\/eu\/aldi-baterako-irtenbideak-enpresen-inbertsioen-garestitzearen-aurrean\/","name":"Aldi baterako irtenbideak enpresen inbertsioen garestitzearen aurrean - Etxekit | Soluciones Modulares","isPartOf":{"@id":"https:\/\/www.etxekit.com\/#website"},"primaryImageOfPage":{"@id":"https:\/\/www.etxekit.com\/eu\/aldi-baterako-irtenbideak-enpresen-inbertsioen-garestitzearen-aurrean\/#primaryimage"},"image":{"@id":"https:\/\/www.etxekit.com\/eu\/aldi-baterako-irtenbideak-enpresen-inbertsioen-garestitzearen-aurrean\/#primaryimage"},"thumbnailUrl":"https:\/\/www.etxekit.com\/wp-content\/uploads\/2022\/09\/formacion.png","datePublished":"2022-09-30T12:06:06+00:00","dateModified":"2022-09-30T12:06:45+00:00","author":{"@id":"https:\/\/www.etxekit.com\/#\/schema\/person\/580977801d8357b34882dfa33f82ce18"},"description":"Kredituaren ikuspegitik aurreikuspenak ez dira batere positiboak. Gaur egun eta benetako beharrak dituzten enpresa batzuk inbertsio-erabakiak atzeratzen ari dira, inbertsio horiek finantzatzeko zailtasunak dituztelako.","breadcrumb":{"@id":"https:\/\/www.etxekit.com\/eu\/aldi-baterako-irtenbideak-enpresen-inbertsioen-garestitzearen-aurrean\/#breadcrumb"},"inLanguage":"eu","potentialAction":[{"@type":"ReadAction","target":["https:\/\/www.etxekit.com\/eu\/aldi-baterako-irtenbideak-enpresen-inbertsioen-garestitzearen-aurrean\/"]}]},{"@type":"ImageObject","inLanguage":"eu","@id":"https:\/\/www.etxekit.com\/eu\/aldi-baterako-irtenbideak-enpresen-inbertsioen-garestitzearen-aurrean\/#primaryimage","url":"https:\/\/www.etxekit.com\/wp-content\/uploads\/2022\/09\/formacion.png","contentUrl":"https:\/\/www.etxekit.com\/wp-content\/uploads\/2022\/09\/formacion.png","width":1973,"height":1269,"caption":"Ikasgelarako moduluak"},{"@type":"BreadcrumbList","@id":"https:\/\/www.etxekit.com\/eu\/aldi-baterako-irtenbideak-enpresen-inbertsioen-garestitzearen-aurrean\/#breadcrumb","itemListElement":[{"@type":"ListItem","position":1,"name":"Portada","item":"https:\/\/www.etxekit.com\/eu\/home\/"},{"@type":"ListItem","position":2,"name":"Aldi baterako irtenbideak enpresen inbertsioen garestitzearen aurrean"}]},{"@type":"WebSite","@id":"https:\/\/www.etxekit.com\/#website","url":"https:\/\/www.etxekit.com\/","name":"Etxekit | Soluciones Modulares","description":"","potentialAction":[{"@type":"SearchAction","target":{"@type":"EntryPoint","urlTemplate":"https:\/\/www.etxekit.com\/?s={search_term_string}"},"query-input":{"@type":"PropertyValueSpecification","valueRequired":true,"valueName":"search_term_string"}}],"inLanguage":"eu"},{"@type":"Person","@id":"https:\/\/www.etxekit.com\/#\/schema\/person\/580977801d8357b34882dfa33f82ce18","name":"Etxekit","image":{"@type":"ImageObject","inLanguage":"eu","@id":"https:\/\/secure.gravatar.com\/avatar\/d834642919a9e3f0b5b70c2b9b528e50f5b560e29f8ae3fc368b1f585fcdd487?s=96&d=mm&r=g","url":"https:\/\/secure.gravatar.com\/avatar\/d834642919a9e3f0b5b70c2b9b528e50f5b560e29f8ae3fc368b1f585fcdd487?s=96&d=mm&r=g","contentUrl":"https:\/\/secure.gravatar.com\/avatar\/d834642919a9e3f0b5b70c2b9b528e50f5b560e29f8ae3fc368b1f585fcdd487?s=96&d=mm&r=g","caption":"Etxekit"},"url":"https:\/\/www.etxekit.com\/eu\/author\/etxekit\/"}]}},"_links":{"self":[{"href":"https:\/\/www.etxekit.com\/eu\/wp-json\/wp\/v2\/posts\/7312","targetHints":{"allow":["GET"]}}],"collection":[{"href":"https:\/\/www.etxekit.com\/eu\/wp-json\/wp\/v2\/posts"}],"about":[{"href":"https:\/\/www.etxekit.com\/eu\/wp-json\/wp\/v2\/types\/post"}],"author":[{"embeddable":true,"href":"https:\/\/www.etxekit.com\/eu\/wp-json\/wp\/v2\/users\/4"}],"replies":[{"embeddable":true,"href":"https:\/\/www.etxekit.com\/eu\/wp-json\/wp\/v2\/comments?post=7312"}],"version-history":[{"count":3,"href":"https:\/\/www.etxekit.com\/eu\/wp-json\/wp\/v2\/posts\/7312\/revisions"}],"predecessor-version":[{"id":7332,"href":"https:\/\/www.etxekit.com\/eu\/wp-json\/wp\/v2\/posts\/7312\/revisions\/7332"}],"wp:featuredmedia":[{"embeddable":true,"href":"https:\/\/www.etxekit.com\/eu\/wp-json\/wp\/v2\/media\/7306"}],"wp:attachment":[{"href":"https:\/\/www.etxekit.com\/eu\/wp-json\/wp\/v2\/media?parent=7312"}],"wp:term":[{"taxonomy":"category","embeddable":true,"href":"https:\/\/www.etxekit.com\/eu\/wp-json\/wp\/v2\/categories?post=7312"},{"taxonomy":"post_tag","embeddable":true,"href":"https:\/\/www.etxekit.com\/eu\/wp-json\/wp\/v2\/tags?post=7312"}],"curies":[{"name":"wp","href":"https:\/\/api.w.org\/{rel}","templated":true}]}}