{"id":5271,"date":"2020-09-17T08:12:38","date_gmt":"2020-09-17T08:12:38","guid":{"rendered":"https:\/\/www.etxekit.com\/?p=5271"},"modified":"2021-03-08T14:24:03","modified_gmt":"2021-03-08T14:24:03","slug":"enpresek-karpa-bat-instalatzeko-6-arrazoi-nagusiak","status":"publish","type":"post","link":"https:\/\/www.etxekit.com\/eu\/enpresek-karpa-bat-instalatzeko-6-arrazoi-nagusiak\/","title":{"rendered":"ENPRESEK KARPA BAT INSTALATZEKO 6 ARRAZOI NAGUSIAK"},"content":{"rendered":"<p>Inoiz galdera hauetakoren bat egin baduzu, irakurri sarrera hau, eta laburbildu karpa modularrek industriarako dituzten abantaila nagusiak.<\/p>\n<ul>\n<li>Biltegia txiki geratzen zait aldi jakin batzuetan. Zer irtenbide daude?<\/li>\n<li>Lursail librea dut, baina ez dut eraikitzeko baimenik. Nola handitu ditzaket nire instalazioak?<\/li>\n<li>Inbertsioetarako une delikatuak alokatu al daitezke?<\/li>\n<li>Karpa desmuntatu eta beste leku batean jar dezaket?<\/li>\n<li>Aire zabalean biltegiratutako material sentikorra. Nola babestu nire produktuaren balioa?<\/li>\n<li>Biltegia eta ekoizpen-eremua ez daude leku berean. Nola murriztu kostu logistikoak?<\/li>\n<\/ul>\n<p>Alokairuan edo salmentan karpa bat instalatzea izan daiteke zure beharren konponbidea.<\/p>\n<p>Asko dira mota horretako egitura modularra instalatzera eraman gaitzaketen arrazoiak;<strong> merkatuan etengabeko aldaketak<\/strong>, <strong>finantza-segurtasunik eza<\/strong>, <strong>materialak metatzea<\/strong> edo, besterik gabe, <strong>espazio zehatz edo iraunkorra zabaltzeko beharra<\/strong>.<\/p>\n<p>Jarraian, galdera horiei erantzungo diegu eta abantaila nagusiak adieraziko dizkizugu.<\/p>\n<p><a href=\"https:\/\/www.etxekit.com\/wp-content\/uploads\/2020\/09\/carpas_eventos_Bilbao_Carpa-Mercedes.jpg\" data-rel=\"lightbox-image-0\" data-rl_title=\"\" data-rl_caption=\"\" title=\"\"><img loading=\"lazy\" decoding=\"async\" class=\"aligncenter wp-image-5016\" src=\"https:\/\/www.etxekit.com\/wp-content\/uploads\/2020\/09\/carpas_eventos_Bilbao_Carpa-Mercedes.jpg\" alt=\"\" width=\"579\" height=\"435\" srcset=\"https:\/\/www.etxekit.com\/wp-content\/uploads\/2020\/09\/carpas_eventos_Bilbao_Carpa-Mercedes.jpg 1600w, https:\/\/www.etxekit.com\/wp-content\/uploads\/2020\/09\/carpas_eventos_Bilbao_Carpa-Mercedes-300x225.jpg 300w, https:\/\/www.etxekit.com\/wp-content\/uploads\/2020\/09\/carpas_eventos_Bilbao_Carpa-Mercedes-1024x768.jpg 1024w, https:\/\/www.etxekit.com\/wp-content\/uploads\/2020\/09\/carpas_eventos_Bilbao_Carpa-Mercedes-768x576.jpg 768w, https:\/\/www.etxekit.com\/wp-content\/uploads\/2020\/09\/carpas_eventos_Bilbao_Carpa-Mercedes-1536x1152.jpg 1536w, https:\/\/www.etxekit.com\/wp-content\/uploads\/2020\/09\/carpas_eventos_Bilbao_Carpa-Mercedes-370x278.jpg 370w, https:\/\/www.etxekit.com\/wp-content\/uploads\/2020\/09\/carpas_eventos_Bilbao_Carpa-Mercedes-1200x900.jpg 1200w, https:\/\/www.etxekit.com\/wp-content\/uploads\/2020\/09\/carpas_eventos_Bilbao_Carpa-Mercedes-360x270.jpg 360w\" sizes=\"auto, (max-width: 579px) 100vw, 579px\" \/><\/a><!--more--><\/p>\n<p><strong>1.- Muntatzeko azkartasuna:<\/strong><\/p>\n<p>Premiazko urgentzia baten aurrean, erantzun <strong>azkar<\/strong> eta <strong>eraginkorra<\/strong>.<\/p>\n<p>Alokairuaren bidez premiazko urgentzia bat bete dezakegu, esaterako, ekoizpen-puntu handi baten kasuan eta, ondorioz,<a href=\"https:\/\/www.etxekit.com\/eu\/industrial-y-almacenamiento\/#carpas\"><strong><span style=\"color: #0000ff;\"> materiala aldi baterako biltegiratzeko<\/span><\/strong><\/a> gune bat eduki behar denean, neurri eta berme guztiekin.<\/p>\n<p><a href=\"https:\/\/www.etxekit.com\/wp-content\/uploads\/2020\/09\/carpas_eventos_Bilbao_20190524_MATZ-ERREKA_CO19-0167_Montaje-carpa_Bergara-20-scaled.jpg\" data-rel=\"lightbox-image-1\" data-rl_title=\"\" data-rl_caption=\"\" title=\"\"><img loading=\"lazy\" decoding=\"async\" class=\"aligncenter wp-image-5031\" src=\"https:\/\/www.etxekit.com\/wp-content\/uploads\/2020\/09\/carpas_eventos_Bilbao_20190524_MATZ-ERREKA_CO19-0167_Montaje-carpa_Bergara-20-scaled.jpg\" alt=\"\" width=\"547\" height=\"411\" srcset=\"https:\/\/www.etxekit.com\/wp-content\/uploads\/2020\/09\/carpas_eventos_Bilbao_20190524_MATZ-ERREKA_CO19-0167_Montaje-carpa_Bergara-20-scaled.jpg 2560w, https:\/\/www.etxekit.com\/wp-content\/uploads\/2020\/09\/carpas_eventos_Bilbao_20190524_MATZ-ERREKA_CO19-0167_Montaje-carpa_Bergara-20-scaled-300x225.jpg 300w, https:\/\/www.etxekit.com\/wp-content\/uploads\/2020\/09\/carpas_eventos_Bilbao_20190524_MATZ-ERREKA_CO19-0167_Montaje-carpa_Bergara-20-scaled-1024x768.jpg 1024w, https:\/\/www.etxekit.com\/wp-content\/uploads\/2020\/09\/carpas_eventos_Bilbao_20190524_MATZ-ERREKA_CO19-0167_Montaje-carpa_Bergara-20-scaled-768x576.jpg 768w, https:\/\/www.etxekit.com\/wp-content\/uploads\/2020\/09\/carpas_eventos_Bilbao_20190524_MATZ-ERREKA_CO19-0167_Montaje-carpa_Bergara-20-scaled-1536x1152.jpg 1536w, https:\/\/www.etxekit.com\/wp-content\/uploads\/2020\/09\/carpas_eventos_Bilbao_20190524_MATZ-ERREKA_CO19-0167_Montaje-carpa_Bergara-20-scaled-2048x1536.jpg 2048w, https:\/\/www.etxekit.com\/wp-content\/uploads\/2020\/09\/carpas_eventos_Bilbao_20190524_MATZ-ERREKA_CO19-0167_Montaje-carpa_Bergara-20-scaled-370x278.jpg 370w, https:\/\/www.etxekit.com\/wp-content\/uploads\/2020\/09\/carpas_eventos_Bilbao_20190524_MATZ-ERREKA_CO19-0167_Montaje-carpa_Bergara-20-scaled-1200x900.jpg 1200w, https:\/\/www.etxekit.com\/wp-content\/uploads\/2020\/09\/carpas_eventos_Bilbao_20190524_MATZ-ERREKA_CO19-0167_Montaje-carpa_Bergara-20-scaled-360x270.jpg 360w\" sizes=\"auto, (max-width: 547px) 100vw, 547px\" \/><\/a><\/p>\n<p><strong>2.- Malgutasun ekonomikoa:<\/strong><\/p>\n<p>Merkatuko ziurgabetasunen aurrean, hobeto doitu dezakezu zure aurrekontua.<\/p>\n<p>Merkatua oso aldakorra da, eta sarritan ez gaude ziur zer inbertsio egin ditzakegun.<\/p>\n<p>Kostua txikia denez, <strong>iraupen luzeko alokairua<\/strong> aukera ona da.<\/p>\n<p><img loading=\"lazy\" decoding=\"async\" class=\"aligncenter wp-image-5033\" src=\"https:\/\/www.etxekit.com\/wp-content\/uploads\/2020\/09\/carpas_eventos_Bilbao_20200601_VARGAS-ENVASES-Y-EMBALAJES-DE-MADERA-S-L-_CO20-0083_CARPA_CRTA-NACIOANL-_MONTAR_C1-30-scaled.jpg\" alt=\"\" width=\"547\" height=\"410\" srcset=\"https:\/\/www.etxekit.com\/wp-content\/uploads\/2020\/09\/carpas_eventos_Bilbao_20200601_VARGAS-ENVASES-Y-EMBALAJES-DE-MADERA-S-L-_CO20-0083_CARPA_CRTA-NACIOANL-_MONTAR_C1-30-scaled.jpg 2560w, https:\/\/www.etxekit.com\/wp-content\/uploads\/2020\/09\/carpas_eventos_Bilbao_20200601_VARGAS-ENVASES-Y-EMBALAJES-DE-MADERA-S-L-_CO20-0083_CARPA_CRTA-NACIOANL-_MONTAR_C1-30-scaled-300x225.jpg 300w, https:\/\/www.etxekit.com\/wp-content\/uploads\/2020\/09\/carpas_eventos_Bilbao_20200601_VARGAS-ENVASES-Y-EMBALAJES-DE-MADERA-S-L-_CO20-0083_CARPA_CRTA-NACIOANL-_MONTAR_C1-30-scaled-1024x768.jpg 1024w, https:\/\/www.etxekit.com\/wp-content\/uploads\/2020\/09\/carpas_eventos_Bilbao_20200601_VARGAS-ENVASES-Y-EMBALAJES-DE-MADERA-S-L-_CO20-0083_CARPA_CRTA-NACIOANL-_MONTAR_C1-30-scaled-768x576.jpg 768w, https:\/\/www.etxekit.com\/wp-content\/uploads\/2020\/09\/carpas_eventos_Bilbao_20200601_VARGAS-ENVASES-Y-EMBALAJES-DE-MADERA-S-L-_CO20-0083_CARPA_CRTA-NACIOANL-_MONTAR_C1-30-scaled-1536x1152.jpg 1536w, https:\/\/www.etxekit.com\/wp-content\/uploads\/2020\/09\/carpas_eventos_Bilbao_20200601_VARGAS-ENVASES-Y-EMBALAJES-DE-MADERA-S-L-_CO20-0083_CARPA_CRTA-NACIOANL-_MONTAR_C1-30-scaled-2048x1536.jpg 2048w, https:\/\/www.etxekit.com\/wp-content\/uploads\/2020\/09\/carpas_eventos_Bilbao_20200601_VARGAS-ENVASES-Y-EMBALAJES-DE-MADERA-S-L-_CO20-0083_CARPA_CRTA-NACIOANL-_MONTAR_C1-30-scaled-370x278.jpg 370w, https:\/\/www.etxekit.com\/wp-content\/uploads\/2020\/09\/carpas_eventos_Bilbao_20200601_VARGAS-ENVASES-Y-EMBALAJES-DE-MADERA-S-L-_CO20-0083_CARPA_CRTA-NACIOANL-_MONTAR_C1-30-scaled-1200x900.jpg 1200w, https:\/\/www.etxekit.com\/wp-content\/uploads\/2020\/09\/carpas_eventos_Bilbao_20200601_VARGAS-ENVASES-Y-EMBALAJES-DE-MADERA-S-L-_CO20-0083_CARPA_CRTA-NACIOANL-_MONTAR_C1-30-scaled-360x270.jpg 360w\" sizes=\"auto, (max-width: 547px) 100vw, 547px\" \/><\/p>\n<p>&nbsp;<\/p>\n<p><strong>\u00a0<\/strong><\/p>\n<div class=\"row\">\n<div class=\"col-md-12 col-xs-12\">\n<p><strong>3.- Ez da eraikin gisa hartzen:<\/strong><\/p>\n<p><a href=\"https:\/\/www.etxekit.com\/eu\/industrial-y-almacenamiento\/\"><strong><span style=\"color: #0000ff;\">Egitura modularra<\/span><\/strong><\/a> ondasun higigarri bat da; horregatik, <strong>biltegi<\/strong> edo <strong>nabe<\/strong> berri bat handitzea edo instalatzea errazten digu.<\/p>\n<\/div>\n<\/div>\n<p><a href=\"https:\/\/www.etxekit.com\/wp-content\/uploads\/2020\/09\/carpas_eventos_Bilbao_20181205_Tenneco-CO18-0405_Montaje-carpa-20x20x6_Ermua-18.jpg\" data-rel=\"lightbox-image-2\" data-rl_title=\"\" data-rl_caption=\"\" title=\"\"><img loading=\"lazy\" decoding=\"async\" class=\"aligncenter wp-image-5029\" src=\"https:\/\/www.etxekit.com\/wp-content\/uploads\/2020\/09\/carpas_eventos_Bilbao_20181205_Tenneco-CO18-0405_Montaje-carpa-20x20x6_Ermua-18.jpg\" alt=\"\" width=\"543\" height=\"407\" srcset=\"https:\/\/www.etxekit.com\/wp-content\/uploads\/2020\/09\/carpas_eventos_Bilbao_20181205_Tenneco-CO18-0405_Montaje-carpa-20x20x6_Ermua-18.jpg 1600w, https:\/\/www.etxekit.com\/wp-content\/uploads\/2020\/09\/carpas_eventos_Bilbao_20181205_Tenneco-CO18-0405_Montaje-carpa-20x20x6_Ermua-18-300x225.jpg 300w, https:\/\/www.etxekit.com\/wp-content\/uploads\/2020\/09\/carpas_eventos_Bilbao_20181205_Tenneco-CO18-0405_Montaje-carpa-20x20x6_Ermua-18-1024x768.jpg 1024w, https:\/\/www.etxekit.com\/wp-content\/uploads\/2020\/09\/carpas_eventos_Bilbao_20181205_Tenneco-CO18-0405_Montaje-carpa-20x20x6_Ermua-18-768x576.jpg 768w, https:\/\/www.etxekit.com\/wp-content\/uploads\/2020\/09\/carpas_eventos_Bilbao_20181205_Tenneco-CO18-0405_Montaje-carpa-20x20x6_Ermua-18-1536x1152.jpg 1536w, https:\/\/www.etxekit.com\/wp-content\/uploads\/2020\/09\/carpas_eventos_Bilbao_20181205_Tenneco-CO18-0405_Montaje-carpa-20x20x6_Ermua-18-370x278.jpg 370w, https:\/\/www.etxekit.com\/wp-content\/uploads\/2020\/09\/carpas_eventos_Bilbao_20181205_Tenneco-CO18-0405_Montaje-carpa-20x20x6_Ermua-18-1200x900.jpg 1200w, https:\/\/www.etxekit.com\/wp-content\/uploads\/2020\/09\/carpas_eventos_Bilbao_20181205_Tenneco-CO18-0405_Montaje-carpa-20x20x6_Ermua-18-360x270.jpg 360w\" sizes=\"auto, (max-width: 543px) 100vw, 543px\" \/><\/a><\/p>\n<p><strong>4.- Zure neurrira:<\/strong><\/p>\n<p><a href=\"https:\/\/www.etxekit.com\/eu\/industrial-y-almacenamiento\/\"><strong><span style=\"color: #0000ff;\">Karpak<\/span><\/strong><\/a> <strong>elementu modularrak<\/strong> dira, denbora igaro ahala egoera berrietara egokitzeko aukera ematen dutenak; <strong>espazioa handitu<\/strong> <strong>edo murriztu dezakegu<\/strong>, unean uneko beharraren arabera, eta, are gehiago, <strong>lekuz aldatu ere egin dezakegu<\/strong>, leku berri batera eramateko.<\/p>\n<p><a href=\"https:\/\/www.etxekit.com\/wp-content\/uploads\/2020\/09\/carpas_eventos_Bilbao_Carpa-Maier-1-scaled.jpg\" data-rel=\"lightbox-image-3\" data-rl_title=\"\" data-rl_caption=\"\" title=\"\"><img loading=\"lazy\" decoding=\"async\" class=\"aligncenter wp-image-5035\" src=\"https:\/\/www.etxekit.com\/wp-content\/uploads\/2020\/09\/carpas_eventos_Bilbao_Carpa-Maier-1-scaled.jpg\" alt=\"\" width=\"531\" height=\"398\" srcset=\"https:\/\/www.etxekit.com\/wp-content\/uploads\/2020\/09\/carpas_eventos_Bilbao_Carpa-Maier-1-scaled.jpg 2560w, https:\/\/www.etxekit.com\/wp-content\/uploads\/2020\/09\/carpas_eventos_Bilbao_Carpa-Maier-1-scaled-300x225.jpg 300w, https:\/\/www.etxekit.com\/wp-content\/uploads\/2020\/09\/carpas_eventos_Bilbao_Carpa-Maier-1-scaled-1024x768.jpg 1024w, https:\/\/www.etxekit.com\/wp-content\/uploads\/2020\/09\/carpas_eventos_Bilbao_Carpa-Maier-1-scaled-768x576.jpg 768w, https:\/\/www.etxekit.com\/wp-content\/uploads\/2020\/09\/carpas_eventos_Bilbao_Carpa-Maier-1-scaled-1536x1152.jpg 1536w, https:\/\/www.etxekit.com\/wp-content\/uploads\/2020\/09\/carpas_eventos_Bilbao_Carpa-Maier-1-scaled-2048x1536.jpg 2048w, https:\/\/www.etxekit.com\/wp-content\/uploads\/2020\/09\/carpas_eventos_Bilbao_Carpa-Maier-1-scaled-370x278.jpg 370w, https:\/\/www.etxekit.com\/wp-content\/uploads\/2020\/09\/carpas_eventos_Bilbao_Carpa-Maier-1-scaled-1200x900.jpg 1200w, https:\/\/www.etxekit.com\/wp-content\/uploads\/2020\/09\/carpas_eventos_Bilbao_Carpa-Maier-1-scaled-360x270.jpg 360w\" sizes=\"auto, (max-width: 531px) 100vw, 531px\" \/><\/a><\/p>\n<p><strong>5.- Diferentes acabados:<\/strong><\/p>\n<p>La <strong>seguridad<\/strong>, el <strong>aislamiento<\/strong>, la <strong>estanqueidad<\/strong> son elementos importantes a la hora de montar una infraestructura de estas caracter\u00edsticas.<\/p>\n<p>Es por ello por lo que, a trav\u00e9s de los diferentes acabados podemos adaptarnos a la necesidad de cada cliente, de esta manera, se pueden montar edificios modulares aislados mediante <span style=\"color: #0000ff;\"><a style=\"color: #0000ff;\" href=\"https:\/\/www.etxekit.com\/wp-content\/uploads\/2019\/03\/lemforder_carpa_industrial_etxekit.jpg\" data-rel=\"lightbox-image-4\" data-rl_title=\"\" data-rl_caption=\"\" title=\"\"><strong>panel s\u00e1ndwich<\/strong><\/a><\/span> y <span style=\"color: #0000ff;\"><a style=\"color: #0000ff;\" href=\"https:\/\/www.etxekit.com\/wp-content\/uploads\/2019\/03\/carpas_industriales_etxekit.jpg\" data-rel=\"lightbox-image-5\" data-rl_title=\"\" data-rl_caption=\"\" title=\"\"><strong>lonas presurizadas<\/strong><\/a><\/span> para evitar la condensaci\u00f3n, instalar <strong>puertas autom\u00e1ticas<\/strong>, <strong>iluminaci\u00f3n<\/strong>, <strong>calefacci\u00f3n<\/strong>, <strong>se\u00f1al\u00edtica<\/strong>\u2026<\/p>\n<p>As\u00ed mismo, las cubiertas pueden ser a dos aguas o poligonales, alcanzando con esta \u00faltima mayor altura \u00fatil interior para almacenamiento o ejecutar trabajos especiales.<\/p>\n<p><a href=\"https:\/\/www.etxekit.com\/wp-content\/uploads\/2020\/09\/carpas_eventos_Bilbao_20180907_CIE-Inyectametal_CO18-0300_Carpa-8.3x25x3_Montaje-7.jpg\" data-rel=\"lightbox-image-6\" data-rl_title=\"\" data-rl_caption=\"\" title=\"\"><img loading=\"lazy\" decoding=\"async\" class=\"wp-image-5027 aligncenter\" src=\"https:\/\/www.etxekit.com\/wp-content\/uploads\/2020\/09\/carpas_eventos_Bilbao_20180907_CIE-Inyectametal_CO18-0300_Carpa-8.3x25x3_Montaje-7.jpg\" alt=\"\" width=\"527\" height=\"477\" srcset=\"https:\/\/www.etxekit.com\/wp-content\/uploads\/2020\/09\/carpas_eventos_Bilbao_20180907_CIE-Inyectametal_CO18-0300_Carpa-8.3x25x3_Montaje-7.jpg 1196w, https:\/\/www.etxekit.com\/wp-content\/uploads\/2020\/09\/carpas_eventos_Bilbao_20180907_CIE-Inyectametal_CO18-0300_Carpa-8.3x25x3_Montaje-7-300x271.jpg 300w, https:\/\/www.etxekit.com\/wp-content\/uploads\/2020\/09\/carpas_eventos_Bilbao_20180907_CIE-Inyectametal_CO18-0300_Carpa-8.3x25x3_Montaje-7-1024x926.jpg 1024w, https:\/\/www.etxekit.com\/wp-content\/uploads\/2020\/09\/carpas_eventos_Bilbao_20180907_CIE-Inyectametal_CO18-0300_Carpa-8.3x25x3_Montaje-7-768x695.jpg 768w, https:\/\/www.etxekit.com\/wp-content\/uploads\/2020\/09\/carpas_eventos_Bilbao_20180907_CIE-Inyectametal_CO18-0300_Carpa-8.3x25x3_Montaje-7-370x335.jpg 370w, https:\/\/www.etxekit.com\/wp-content\/uploads\/2020\/09\/carpas_eventos_Bilbao_20180907_CIE-Inyectametal_CO18-0300_Carpa-8.3x25x3_Montaje-7-360x326.jpg 360w\" sizes=\"auto, (max-width: 527px) 100vw, 527px\" \/><\/a><a href=\"https:\/\/www.etxekit.com\/wp-content\/uploads\/2020\/08\/carpas_eventos_Bilbao_carpas-almacenaje-instalacion.jpg\" data-rel=\"lightbox-image-7\" data-rl_title=\"\" data-rl_caption=\"\" title=\"\"><img loading=\"lazy\" decoding=\"async\" class=\"aligncenter wp-image-4859\" src=\"https:\/\/www.etxekit.com\/wp-content\/uploads\/2020\/08\/carpas_eventos_Bilbao_carpas-almacenaje-instalacion.jpg\" alt=\"\" width=\"528\" height=\"378\" srcset=\"https:\/\/www.etxekit.com\/wp-content\/uploads\/2020\/08\/carpas_eventos_Bilbao_carpas-almacenaje-instalacion.jpg 716w, https:\/\/www.etxekit.com\/wp-content\/uploads\/2020\/08\/carpas_eventos_Bilbao_carpas-almacenaje-instalacion-300x215.jpg 300w, https:\/\/www.etxekit.com\/wp-content\/uploads\/2020\/08\/carpas_eventos_Bilbao_carpas-almacenaje-instalacion-370x265.jpg 370w, https:\/\/www.etxekit.com\/wp-content\/uploads\/2020\/08\/carpas_eventos_Bilbao_carpas-almacenaje-instalacion-360x258.jpg 360w\" sizes=\"auto, (max-width: 528px) 100vw, 528px\" \/><\/a><a href=\"https:\/\/www.etxekit.com\/wp-content\/uploads\/2020\/09\/carpas_eventos_Bilbao_Noviembre-Grandes-estructuras-para-almacenaje-1-scaled.jpg\" data-rel=\"lightbox-image-8\" data-rl_title=\"\" data-rl_caption=\"\" title=\"\"><img loading=\"lazy\" decoding=\"async\" class=\"aligncenter wp-image-5039\" src=\"https:\/\/www.etxekit.com\/wp-content\/uploads\/2020\/09\/carpas_eventos_Bilbao_Noviembre-Grandes-estructuras-para-almacenaje-1-scaled.jpg\" alt=\"\" width=\"527\" height=\"395\" srcset=\"https:\/\/www.etxekit.com\/wp-content\/uploads\/2020\/09\/carpas_eventos_Bilbao_Noviembre-Grandes-estructuras-para-almacenaje-1-scaled.jpg 2560w, https:\/\/www.etxekit.com\/wp-content\/uploads\/2020\/09\/carpas_eventos_Bilbao_Noviembre-Grandes-estructuras-para-almacenaje-1-scaled-300x225.jpg 300w, https:\/\/www.etxekit.com\/wp-content\/uploads\/2020\/09\/carpas_eventos_Bilbao_Noviembre-Grandes-estructuras-para-almacenaje-1-scaled-1024x768.jpg 1024w, https:\/\/www.etxekit.com\/wp-content\/uploads\/2020\/09\/carpas_eventos_Bilbao_Noviembre-Grandes-estructuras-para-almacenaje-1-scaled-768x576.jpg 768w, https:\/\/www.etxekit.com\/wp-content\/uploads\/2020\/09\/carpas_eventos_Bilbao_Noviembre-Grandes-estructuras-para-almacenaje-1-scaled-1536x1152.jpg 1536w, https:\/\/www.etxekit.com\/wp-content\/uploads\/2020\/09\/carpas_eventos_Bilbao_Noviembre-Grandes-estructuras-para-almacenaje-1-scaled-2048x1536.jpg 2048w, https:\/\/www.etxekit.com\/wp-content\/uploads\/2020\/09\/carpas_eventos_Bilbao_Noviembre-Grandes-estructuras-para-almacenaje-1-scaled-370x278.jpg 370w, https:\/\/www.etxekit.com\/wp-content\/uploads\/2020\/09\/carpas_eventos_Bilbao_Noviembre-Grandes-estructuras-para-almacenaje-1-scaled-1200x900.jpg 1200w, https:\/\/www.etxekit.com\/wp-content\/uploads\/2020\/09\/carpas_eventos_Bilbao_Noviembre-Grandes-estructuras-para-almacenaje-1-scaled-360x270.jpg 360w\" sizes=\"auto, (max-width: 527px) 100vw, 527px\" \/><\/a><strong>6.- Huella ecol\u00f3gica:<\/strong><\/p>\n<p>Se reduce la contaminaci\u00f3n frente a la construcci\u00f3n tradicional.<\/p>\n<p>Al contrario de la construcci\u00f3n tradicional que implica, la ejecuci\u00f3n in situ de la obra generando residuos en el mismo emplazamiento; \u00a0mediante el sistema de <span style=\"color: #0000ff;\">carpas<\/span>, solamente se necesitan unos pocos d\u00edas para el montaje, evitando generar residuos extra, reduciendo as\u00ed el impacto medioambiental.<\/p>\n<p>Adem\u00e1s, el<strong> aluminio<\/strong>, material utilizado para la construcci\u00f3n de las estructuras de las carpas, es un elemento <strong>re-utilizable<\/strong> y <strong>reciclable<\/strong> de manera indefinida, calificado como <strong>metal verde<\/strong>.<\/p>\n<p><img loading=\"lazy\" decoding=\"async\" class=\"aligncenter wp-image-5025\" src=\"https:\/\/www.etxekit.com\/wp-content\/uploads\/2020\/09\/carpas_eventos_Bilbao_20150919-Carpa-Almacen-Maier-Montaje-6-scaled.jpg\" alt=\"\" width=\"532\" height=\"399\" srcset=\"https:\/\/www.etxekit.com\/wp-content\/uploads\/2020\/09\/carpas_eventos_Bilbao_20150919-Carpa-Almacen-Maier-Montaje-6-scaled.jpg 2560w, https:\/\/www.etxekit.com\/wp-content\/uploads\/2020\/09\/carpas_eventos_Bilbao_20150919-Carpa-Almacen-Maier-Montaje-6-scaled-300x225.jpg 300w, https:\/\/www.etxekit.com\/wp-content\/uploads\/2020\/09\/carpas_eventos_Bilbao_20150919-Carpa-Almacen-Maier-Montaje-6-scaled-1024x768.jpg 1024w, https:\/\/www.etxekit.com\/wp-content\/uploads\/2020\/09\/carpas_eventos_Bilbao_20150919-Carpa-Almacen-Maier-Montaje-6-scaled-768x576.jpg 768w, https:\/\/www.etxekit.com\/wp-content\/uploads\/2020\/09\/carpas_eventos_Bilbao_20150919-Carpa-Almacen-Maier-Montaje-6-scaled-1536x1152.jpg 1536w, https:\/\/www.etxekit.com\/wp-content\/uploads\/2020\/09\/carpas_eventos_Bilbao_20150919-Carpa-Almacen-Maier-Montaje-6-scaled-2048x1536.jpg 2048w, https:\/\/www.etxekit.com\/wp-content\/uploads\/2020\/09\/carpas_eventos_Bilbao_20150919-Carpa-Almacen-Maier-Montaje-6-scaled-370x278.jpg 370w, https:\/\/www.etxekit.com\/wp-content\/uploads\/2020\/09\/carpas_eventos_Bilbao_20150919-Carpa-Almacen-Maier-Montaje-6-scaled-1200x900.jpg 1200w, https:\/\/www.etxekit.com\/wp-content\/uploads\/2020\/09\/carpas_eventos_Bilbao_20150919-Carpa-Almacen-Maier-Montaje-6-scaled-360x270.jpg 360w\" sizes=\"auto, (max-width: 532px) 100vw, 532px\" \/><\/p>\n<p>Con todo esto, analizando las ventajas, nos podemos hacer las siguientes preguntas:<\/p>\n<p><strong>\u00bfPuedo abaratar costes de log\u00edstica acercando el almacenamiento a mis instalaciones industriales?<\/strong><\/p>\n<p>A menudo contamos con almacenes en edificios diferenciados y lejanos. El producto final se traslada a ese almac\u00e9n para que luego un transporte lo recoja y lo lleve a destino. \u00bfNo es mejor disponer de una infraestructura m\u00e1s cercana y evitar costes extras?<\/p>\n<p><strong>\u00bfDispongo de espacio suficiente?<\/strong><\/p>\n<p>Podemos disponer de una peque\u00f1a playa, una parcela aleda\u00f1a o un aparcamiento donde podemos instalar la carpa y ampliar as\u00ed nuestras instalaciones.<\/p>\n<p style=\"text-align: left;\">Dinos el espacio que tienes y te damos la soluci\u00f3n que necesitas.<\/p>\n<p><img loading=\"lazy\" decoding=\"async\" class=\"aligncenter wp-image-4530\" src=\"https:\/\/www.etxekit.com\/wp-content\/uploads\/2019\/03\/interior_carpas_industriales.jpg\" alt=\"\" width=\"528\" height=\"378\" srcset=\"https:\/\/www.etxekit.com\/wp-content\/uploads\/2019\/03\/interior_carpas_industriales.jpg 767w, https:\/\/www.etxekit.com\/wp-content\/uploads\/2019\/03\/interior_carpas_industriales-300x215.jpg 300w, https:\/\/www.etxekit.com\/wp-content\/uploads\/2019\/03\/interior_carpas_industriales-370x265.jpg 370w, https:\/\/www.etxekit.com\/wp-content\/uploads\/2019\/03\/interior_carpas_industriales-360x258.jpg 360w\" sizes=\"auto, (max-width: 528px) 100vw, 528px\" \/><\/p>\n<p><strong>\u00bfCu\u00e1nto tiempo lleva montar una carpa?<\/strong><\/p>\n<p>Este tipo de montaje es muy <strong>r\u00e1pido<\/strong> y <strong>sencillo<\/strong>.<\/p>\n<p>De esta forma, reducimos mucho los tiempos frente a una construcci\u00f3n tradicional, en unos pocos d\u00edas podemos disponer de las nuevas instalaciones.<\/p>\n<p>&nbsp;<\/p>\n<p><strong>\u00bfEs seguro montar una carpa?<\/strong><\/p>\n<p>El montaje de una carpa es completamente segura.<\/p>\n<p>Nos regimos mediante las normas europeas.<\/p>\n<p>La <strong>norma<\/strong> <a href=\"https:\/\/www.aenor.com\/normas-y-libros\/buscador-de-normas\/une?c=N0056461\"><span style=\"color: #0000ff;\">UNE-EN 13782<\/span><\/a> es de obligado cumplimiento para este tipo de estructuras temporales y es de aplicaci\u00f3n Europea y Nacional.<\/p>\n<p>Es la norma que regula y establece los requisitos de seguridad a cumplir durante <strong><u>el dise\u00f1o<\/u><\/strong>, <strong><u>el c\u00e1lculo<\/u><\/strong>, <strong><u>la fabricaci\u00f3n<\/u><\/strong>, <strong><u>la instalaci\u00f3n<\/u><\/strong> y <strong><u>el mantenimiento de carpas<\/u><\/strong>.<\/p>\n<p>As\u00ed como, las <strong>normas<\/strong> <a href=\"https:\/\/www.une.org\/encuentra-tu-norma\/busca-tu-norma\/norma\/?c=N0002469\"><span style=\"color: #0000ff;\">UNE 23727<\/span><\/a> y <a href=\"https:\/\/www.une.org\/encuentra-tu-norma\/busca-tu-norma\/norma?c=N0045678\"><span style=\"color: #0000ff;\">EN 15619<\/span><\/a> que garantizan el cumplimiento de resistencia al fuego para el cerramiento M2.<\/p>\n<p>Adem\u00e1s de esto, en <strong><span style=\"color: #0000ff;\"><a style=\"color: #0000ff;\" href=\"http:\/\/www.etxekit.com\">Etxekit<\/a><\/span><\/strong> certificamos los montajes de nuestras instalaciones mediante un t\u00e9cnico competente.<\/p>\n<p>&nbsp;<\/p>\n<p><strong>En este v\u00eddeo pod\u00e9is ver el montaje de una carpa: <span style=\"color: #0000ff;\"><a style=\"color: #0000ff;\" href=\"https:\/\/youtu.be\/F_i9BHLIWlo\">https:\/\/youtu.be\/F_i9BHLIWlo<\/a><\/span><\/strong><\/p>\n","protected":false},"excerpt":{"rendered":"<p>Inoiz galdera hauetakoren bat egin baduzu, irakurri sarrera hau, eta laburbildu karpa modularrek industriarako dituzten abantaila nagusiak. Biltegia txiki geratzen zait aldi jakin batzuetan. Zer irtenbide daude? Lursail librea dut, baina ez dut eraikitzeko baimenik. Nola handitu ditzaket nire instalazioak?&#8230;<\/p>\n","protected":false},"author":4,"featured_media":0,"comment_status":"closed","ping_status":"closed","sticky":false,"template":"","format":"standard","meta":{"footnotes":""},"categories":[1,25],"tags":[],"class_list":["post-5271","post","type-post","status-publish","format-standard","hentry","category-sin-categoria","category-sin-categoria-eu"],"yoast_head":"<!-- This site is optimized with the Yoast SEO plugin v27.2 - https:\/\/yoast.com\/product\/yoast-seo-wordpress\/ -->\n<title>ENPRESEK KARPA BAT INSTALATZEKO 6 ARRAZOI NAGUSIAK - Etxekit | Soluciones Modulares<\/title>\n<meta name=\"robots\" content=\"index, follow, max-snippet:-1, max-image-preview:large, max-video-preview:-1\" \/>\n<link rel=\"canonical\" href=\"https:\/\/www.etxekit.com\/eu\/enpresek-karpa-bat-instalatzeko-6-arrazoi-nagusiak\/\" \/>\n<meta property=\"og:locale\" content=\"en_US\" \/>\n<meta property=\"og:type\" content=\"article\" \/>\n<meta property=\"og:title\" content=\"ENPRESEK KARPA BAT INSTALATZEKO 6 ARRAZOI NAGUSIAK - Etxekit | Soluciones Modulares\" \/>\n<meta property=\"og:description\" content=\"Inoiz galdera hauetakoren bat egin baduzu, irakurri sarrera hau, eta laburbildu karpa modularrek industriarako dituzten abantaila nagusiak. Biltegia txiki geratzen zait aldi jakin batzuetan. Zer irtenbide daude? Lursail librea dut, baina ez dut eraikitzeko baimenik. Nola handitu ditzaket nire instalazioak?...\" \/>\n<meta property=\"og:url\" content=\"https:\/\/www.etxekit.com\/eu\/enpresek-karpa-bat-instalatzeko-6-arrazoi-nagusiak\/\" \/>\n<meta property=\"og:site_name\" content=\"Etxekit | Soluciones Modulares\" \/>\n<meta property=\"article:published_time\" content=\"2020-09-17T08:12:38+00:00\" \/>\n<meta property=\"article:modified_time\" content=\"2021-03-08T14:24:03+00:00\" \/>\n<meta property=\"og:image\" content=\"https:\/\/www.etxekit.com\/wp-content\/uploads\/2020\/09\/carpas_eventos_Bilbao_Carpa-Mercedes.jpg\" \/>\n<meta name=\"author\" content=\"Etxekit\" \/>\n<meta name=\"twitter:card\" content=\"summary_large_image\" \/>\n<meta name=\"twitter:label1\" content=\"Written by\" \/>\n\t<meta name=\"twitter:data1\" content=\"Etxekit\" \/>\n\t<meta name=\"twitter:label2\" content=\"Est. reading time\" \/>\n\t<meta name=\"twitter:data2\" content=\"4 minutua\" \/>\n<script type=\"application\/ld+json\" class=\"yoast-schema-graph\">{\"@context\":\"https:\/\/schema.org\",\"@graph\":[{\"@type\":\"Article\",\"@id\":\"https:\/\/www.etxekit.com\/eu\/enpresek-karpa-bat-instalatzeko-6-arrazoi-nagusiak\/#article\",\"isPartOf\":{\"@id\":\"https:\/\/www.etxekit.com\/eu\/enpresek-karpa-bat-instalatzeko-6-arrazoi-nagusiak\/\"},\"author\":{\"name\":\"Etxekit\",\"@id\":\"https:\/\/www.etxekit.com\/#\/schema\/person\/580977801d8357b34882dfa33f82ce18\"},\"headline\":\"ENPRESEK KARPA BAT INSTALATZEKO 6 ARRAZOI NAGUSIAK\",\"datePublished\":\"2020-09-17T08:12:38+00:00\",\"dateModified\":\"2021-03-08T14:24:03+00:00\",\"mainEntityOfPage\":{\"@id\":\"https:\/\/www.etxekit.com\/eu\/enpresek-karpa-bat-instalatzeko-6-arrazoi-nagusiak\/\"},\"wordCount\":731,\"image\":{\"@id\":\"https:\/\/www.etxekit.com\/eu\/enpresek-karpa-bat-instalatzeko-6-arrazoi-nagusiak\/#primaryimage\"},\"thumbnailUrl\":\"https:\/\/www.etxekit.com\/wp-content\/uploads\/2020\/09\/carpas_eventos_Bilbao_Carpa-Mercedes.jpg\",\"articleSection\":[\"Sin categor\u00eda\",\"Sin categor\u00eda @eu\"],\"inLanguage\":\"eu\"},{\"@type\":\"WebPage\",\"@id\":\"https:\/\/www.etxekit.com\/eu\/enpresek-karpa-bat-instalatzeko-6-arrazoi-nagusiak\/\",\"url\":\"https:\/\/www.etxekit.com\/eu\/enpresek-karpa-bat-instalatzeko-6-arrazoi-nagusiak\/\",\"name\":\"ENPRESEK KARPA BAT INSTALATZEKO 6 ARRAZOI NAGUSIAK - Etxekit | Soluciones Modulares\",\"isPartOf\":{\"@id\":\"https:\/\/www.etxekit.com\/#website\"},\"primaryImageOfPage\":{\"@id\":\"https:\/\/www.etxekit.com\/eu\/enpresek-karpa-bat-instalatzeko-6-arrazoi-nagusiak\/#primaryimage\"},\"image\":{\"@id\":\"https:\/\/www.etxekit.com\/eu\/enpresek-karpa-bat-instalatzeko-6-arrazoi-nagusiak\/#primaryimage\"},\"thumbnailUrl\":\"https:\/\/www.etxekit.com\/wp-content\/uploads\/2020\/09\/carpas_eventos_Bilbao_Carpa-Mercedes.jpg\",\"datePublished\":\"2020-09-17T08:12:38+00:00\",\"dateModified\":\"2021-03-08T14:24:03+00:00\",\"author\":{\"@id\":\"https:\/\/www.etxekit.com\/#\/schema\/person\/580977801d8357b34882dfa33f82ce18\"},\"breadcrumb\":{\"@id\":\"https:\/\/www.etxekit.com\/eu\/enpresek-karpa-bat-instalatzeko-6-arrazoi-nagusiak\/#breadcrumb\"},\"inLanguage\":\"eu\",\"potentialAction\":[{\"@type\":\"ReadAction\",\"target\":[\"https:\/\/www.etxekit.com\/eu\/enpresek-karpa-bat-instalatzeko-6-arrazoi-nagusiak\/\"]}]},{\"@type\":\"ImageObject\",\"inLanguage\":\"eu\",\"@id\":\"https:\/\/www.etxekit.com\/eu\/enpresek-karpa-bat-instalatzeko-6-arrazoi-nagusiak\/#primaryimage\",\"url\":\"https:\/\/www.etxekit.com\/wp-content\/uploads\/2020\/09\/carpas_eventos_Bilbao_Carpa-Mercedes.jpg\",\"contentUrl\":\"https:\/\/www.etxekit.com\/wp-content\/uploads\/2020\/09\/carpas_eventos_Bilbao_Carpa-Mercedes.jpg\"},{\"@type\":\"BreadcrumbList\",\"@id\":\"https:\/\/www.etxekit.com\/eu\/enpresek-karpa-bat-instalatzeko-6-arrazoi-nagusiak\/#breadcrumb\",\"itemListElement\":[{\"@type\":\"ListItem\",\"position\":1,\"name\":\"Portada\",\"item\":\"https:\/\/www.etxekit.com\/eu\/home\/\"},{\"@type\":\"ListItem\",\"position\":2,\"name\":\"ENPRESEK KARPA BAT INSTALATZEKO 6 ARRAZOI NAGUSIAK\"}]},{\"@type\":\"WebSite\",\"@id\":\"https:\/\/www.etxekit.com\/#website\",\"url\":\"https:\/\/www.etxekit.com\/\",\"name\":\"Etxekit | Soluciones Modulares\",\"description\":\"\",\"potentialAction\":[{\"@type\":\"SearchAction\",\"target\":{\"@type\":\"EntryPoint\",\"urlTemplate\":\"https:\/\/www.etxekit.com\/?s={search_term_string}\"},\"query-input\":{\"@type\":\"PropertyValueSpecification\",\"valueRequired\":true,\"valueName\":\"search_term_string\"}}],\"inLanguage\":\"eu\"},{\"@type\":\"Person\",\"@id\":\"https:\/\/www.etxekit.com\/#\/schema\/person\/580977801d8357b34882dfa33f82ce18\",\"name\":\"Etxekit\",\"image\":{\"@type\":\"ImageObject\",\"inLanguage\":\"eu\",\"@id\":\"https:\/\/secure.gravatar.com\/avatar\/d834642919a9e3f0b5b70c2b9b528e50f5b560e29f8ae3fc368b1f585fcdd487?s=96&d=mm&r=g\",\"url\":\"https:\/\/secure.gravatar.com\/avatar\/d834642919a9e3f0b5b70c2b9b528e50f5b560e29f8ae3fc368b1f585fcdd487?s=96&d=mm&r=g\",\"contentUrl\":\"https:\/\/secure.gravatar.com\/avatar\/d834642919a9e3f0b5b70c2b9b528e50f5b560e29f8ae3fc368b1f585fcdd487?s=96&d=mm&r=g\",\"caption\":\"Etxekit\"},\"url\":\"https:\/\/www.etxekit.com\/eu\/author\/etxekit\/\"}]}<\/script>\n<!-- \/ Yoast SEO plugin. -->","yoast_head_json":{"title":"ENPRESEK KARPA BAT INSTALATZEKO 6 ARRAZOI NAGUSIAK - Etxekit | Soluciones Modulares","robots":{"index":"index","follow":"follow","max-snippet":"max-snippet:-1","max-image-preview":"max-image-preview:large","max-video-preview":"max-video-preview:-1"},"canonical":"https:\/\/www.etxekit.com\/eu\/enpresek-karpa-bat-instalatzeko-6-arrazoi-nagusiak\/","og_locale":"en_US","og_type":"article","og_title":"ENPRESEK KARPA BAT INSTALATZEKO 6 ARRAZOI NAGUSIAK - Etxekit | Soluciones Modulares","og_description":"Inoiz galdera hauetakoren bat egin baduzu, irakurri sarrera hau, eta laburbildu karpa modularrek industriarako dituzten abantaila nagusiak. Biltegia txiki geratzen zait aldi jakin batzuetan. Zer irtenbide daude? Lursail librea dut, baina ez dut eraikitzeko baimenik. Nola handitu ditzaket nire instalazioak?...","og_url":"https:\/\/www.etxekit.com\/eu\/enpresek-karpa-bat-instalatzeko-6-arrazoi-nagusiak\/","og_site_name":"Etxekit | Soluciones Modulares","article_published_time":"2020-09-17T08:12:38+00:00","article_modified_time":"2021-03-08T14:24:03+00:00","og_image":[{"url":"https:\/\/www.etxekit.com\/wp-content\/uploads\/2020\/09\/carpas_eventos_Bilbao_Carpa-Mercedes.jpg","type":"","width":"","height":""}],"author":"Etxekit","twitter_card":"summary_large_image","twitter_misc":{"Written by":"Etxekit","Est. reading time":"4 minutua"},"schema":{"@context":"https:\/\/schema.org","@graph":[{"@type":"Article","@id":"https:\/\/www.etxekit.com\/eu\/enpresek-karpa-bat-instalatzeko-6-arrazoi-nagusiak\/#article","isPartOf":{"@id":"https:\/\/www.etxekit.com\/eu\/enpresek-karpa-bat-instalatzeko-6-arrazoi-nagusiak\/"},"author":{"name":"Etxekit","@id":"https:\/\/www.etxekit.com\/#\/schema\/person\/580977801d8357b34882dfa33f82ce18"},"headline":"ENPRESEK KARPA BAT INSTALATZEKO 6 ARRAZOI NAGUSIAK","datePublished":"2020-09-17T08:12:38+00:00","dateModified":"2021-03-08T14:24:03+00:00","mainEntityOfPage":{"@id":"https:\/\/www.etxekit.com\/eu\/enpresek-karpa-bat-instalatzeko-6-arrazoi-nagusiak\/"},"wordCount":731,"image":{"@id":"https:\/\/www.etxekit.com\/eu\/enpresek-karpa-bat-instalatzeko-6-arrazoi-nagusiak\/#primaryimage"},"thumbnailUrl":"https:\/\/www.etxekit.com\/wp-content\/uploads\/2020\/09\/carpas_eventos_Bilbao_Carpa-Mercedes.jpg","articleSection":["Sin categor\u00eda","Sin categor\u00eda @eu"],"inLanguage":"eu"},{"@type":"WebPage","@id":"https:\/\/www.etxekit.com\/eu\/enpresek-karpa-bat-instalatzeko-6-arrazoi-nagusiak\/","url":"https:\/\/www.etxekit.com\/eu\/enpresek-karpa-bat-instalatzeko-6-arrazoi-nagusiak\/","name":"ENPRESEK KARPA BAT INSTALATZEKO 6 ARRAZOI NAGUSIAK - Etxekit | Soluciones Modulares","isPartOf":{"@id":"https:\/\/www.etxekit.com\/#website"},"primaryImageOfPage":{"@id":"https:\/\/www.etxekit.com\/eu\/enpresek-karpa-bat-instalatzeko-6-arrazoi-nagusiak\/#primaryimage"},"image":{"@id":"https:\/\/www.etxekit.com\/eu\/enpresek-karpa-bat-instalatzeko-6-arrazoi-nagusiak\/#primaryimage"},"thumbnailUrl":"https:\/\/www.etxekit.com\/wp-content\/uploads\/2020\/09\/carpas_eventos_Bilbao_Carpa-Mercedes.jpg","datePublished":"2020-09-17T08:12:38+00:00","dateModified":"2021-03-08T14:24:03+00:00","author":{"@id":"https:\/\/www.etxekit.com\/#\/schema\/person\/580977801d8357b34882dfa33f82ce18"},"breadcrumb":{"@id":"https:\/\/www.etxekit.com\/eu\/enpresek-karpa-bat-instalatzeko-6-arrazoi-nagusiak\/#breadcrumb"},"inLanguage":"eu","potentialAction":[{"@type":"ReadAction","target":["https:\/\/www.etxekit.com\/eu\/enpresek-karpa-bat-instalatzeko-6-arrazoi-nagusiak\/"]}]},{"@type":"ImageObject","inLanguage":"eu","@id":"https:\/\/www.etxekit.com\/eu\/enpresek-karpa-bat-instalatzeko-6-arrazoi-nagusiak\/#primaryimage","url":"https:\/\/www.etxekit.com\/wp-content\/uploads\/2020\/09\/carpas_eventos_Bilbao_Carpa-Mercedes.jpg","contentUrl":"https:\/\/www.etxekit.com\/wp-content\/uploads\/2020\/09\/carpas_eventos_Bilbao_Carpa-Mercedes.jpg"},{"@type":"BreadcrumbList","@id":"https:\/\/www.etxekit.com\/eu\/enpresek-karpa-bat-instalatzeko-6-arrazoi-nagusiak\/#breadcrumb","itemListElement":[{"@type":"ListItem","position":1,"name":"Portada","item":"https:\/\/www.etxekit.com\/eu\/home\/"},{"@type":"ListItem","position":2,"name":"ENPRESEK KARPA BAT INSTALATZEKO 6 ARRAZOI NAGUSIAK"}]},{"@type":"WebSite","@id":"https:\/\/www.etxekit.com\/#website","url":"https:\/\/www.etxekit.com\/","name":"Etxekit | Soluciones Modulares","description":"","potentialAction":[{"@type":"SearchAction","target":{"@type":"EntryPoint","urlTemplate":"https:\/\/www.etxekit.com\/?s={search_term_string}"},"query-input":{"@type":"PropertyValueSpecification","valueRequired":true,"valueName":"search_term_string"}}],"inLanguage":"eu"},{"@type":"Person","@id":"https:\/\/www.etxekit.com\/#\/schema\/person\/580977801d8357b34882dfa33f82ce18","name":"Etxekit","image":{"@type":"ImageObject","inLanguage":"eu","@id":"https:\/\/secure.gravatar.com\/avatar\/d834642919a9e3f0b5b70c2b9b528e50f5b560e29f8ae3fc368b1f585fcdd487?s=96&d=mm&r=g","url":"https:\/\/secure.gravatar.com\/avatar\/d834642919a9e3f0b5b70c2b9b528e50f5b560e29f8ae3fc368b1f585fcdd487?s=96&d=mm&r=g","contentUrl":"https:\/\/secure.gravatar.com\/avatar\/d834642919a9e3f0b5b70c2b9b528e50f5b560e29f8ae3fc368b1f585fcdd487?s=96&d=mm&r=g","caption":"Etxekit"},"url":"https:\/\/www.etxekit.com\/eu\/author\/etxekit\/"}]}},"_links":{"self":[{"href":"https:\/\/www.etxekit.com\/eu\/wp-json\/wp\/v2\/posts\/5271","targetHints":{"allow":["GET"]}}],"collection":[{"href":"https:\/\/www.etxekit.com\/eu\/wp-json\/wp\/v2\/posts"}],"about":[{"href":"https:\/\/www.etxekit.com\/eu\/wp-json\/wp\/v2\/types\/post"}],"author":[{"embeddable":true,"href":"https:\/\/www.etxekit.com\/eu\/wp-json\/wp\/v2\/users\/4"}],"replies":[{"embeddable":true,"href":"https:\/\/www.etxekit.com\/eu\/wp-json\/wp\/v2\/comments?post=5271"}],"version-history":[{"count":5,"href":"https:\/\/www.etxekit.com\/eu\/wp-json\/wp\/v2\/posts\/5271\/revisions"}],"predecessor-version":[{"id":5446,"href":"https:\/\/www.etxekit.com\/eu\/wp-json\/wp\/v2\/posts\/5271\/revisions\/5446"}],"wp:attachment":[{"href":"https:\/\/www.etxekit.com\/eu\/wp-json\/wp\/v2\/media?parent=5271"}],"wp:term":[{"taxonomy":"category","embeddable":true,"href":"https:\/\/www.etxekit.com\/eu\/wp-json\/wp\/v2\/categories?post=5271"},{"taxonomy":"post_tag","embeddable":true,"href":"https:\/\/www.etxekit.com\/eu\/wp-json\/wp\/v2\/tags?post=5271"}],"curies":[{"name":"wp","href":"https:\/\/api.w.org\/{rel}","templated":true}]}}