{"id":4786,"date":"2020-06-15T08:43:48","date_gmt":"2020-06-15T08:43:48","guid":{"rendered":"https:\/\/www.etxekit.com\/?p=4786"},"modified":"2021-02-12T08:15:40","modified_gmt":"2021-02-12T08:15:40","slug":"karpen-eboluzioa-etxekit-en","status":"publish","type":"post","link":"https:\/\/www.etxekit.com\/eu\/karpen-eboluzioa-etxekit-en\/","title":{"rendered":"KARPEN EBOLUZIOA ETXEKIT-EN"},"content":{"rendered":"<p>Aurreko blog sarreran, <strong>Etxekit<\/strong>-en 30 urte hauetan moduluek eta <span style=\"color: #0000ff;\"><a style=\"color: #0000ff;\" href=\"https:\/\/www.etxekit.com\/eu\/30-urte-eraikuntza-modularrean\/\">eraikuntza modularrak izandako eboluzioaz<\/a><\/span> hitz egin genuen. Oraingo honetan, karpek gure historian eta gure enpresaren bizitzan izandako eboluzioaz hitz egingo dugu.<\/p>\n<p>Karpen jatorria nahasia da, batzuek nomaden dendak, kanpin-denda edo zirkuen karpak hauen arbasoak direla diote.<\/p>\n<p><a href=\"https:\/\/www.etxekit.com\/wp-content\/uploads\/2020\/06\/carpas_eventos_Bilbao_Nomandas-circo.jpg\" data-rel=\"lightbox-image-0\" data-rl_title=\"\" data-rl_caption=\"\" title=\"\"><img loading=\"lazy\" decoding=\"async\" class=\"aligncenter size-full wp-image-4762\" src=\"https:\/\/www.etxekit.com\/wp-content\/uploads\/2020\/06\/carpas_eventos_Bilbao_Nomandas-circo.jpg\" alt=\"\" width=\"1084\" height=\"708\" srcset=\"https:\/\/www.etxekit.com\/wp-content\/uploads\/2020\/06\/carpas_eventos_Bilbao_Nomandas-circo.jpg 1084w, https:\/\/www.etxekit.com\/wp-content\/uploads\/2020\/06\/carpas_eventos_Bilbao_Nomandas-circo-300x196.jpg 300w, https:\/\/www.etxekit.com\/wp-content\/uploads\/2020\/06\/carpas_eventos_Bilbao_Nomandas-circo-1024x669.jpg 1024w, https:\/\/www.etxekit.com\/wp-content\/uploads\/2020\/06\/carpas_eventos_Bilbao_Nomandas-circo-768x502.jpg 768w, https:\/\/www.etxekit.com\/wp-content\/uploads\/2020\/06\/carpas_eventos_Bilbao_Nomandas-circo-370x242.jpg 370w, https:\/\/www.etxekit.com\/wp-content\/uploads\/2020\/06\/carpas_eventos_Bilbao_Nomandas-circo-360x235.jpg 360w\" sizes=\"auto, (max-width: 1084px) 100vw, 1084px\" \/><\/a><\/p>\n<p>XX. mendean, <strong>Ekitaldi Sozial<\/strong>, <strong>Ekitaldi Publiko<\/strong>, <strong>Azoka<\/strong>, <strong>Jaialdi<\/strong>, <strong>Jaietara<\/strong>, etb. hasiko dira. <!--more--><a href=\"https:\/\/www.etxekit.com\/wp-content\/uploads\/2020\/06\/carpas_eventos_Bilbao_Carpas-Eventos-scaled.jpg\" data-rel=\"lightbox-image-1\" data-rl_title=\"\" data-rl_caption=\"\" title=\"\"><br \/>\n<\/a><\/p>\n<p><a href=\"https:\/\/www.etxekit.com\/wp-content\/uploads\/2020\/06\/carpas_eventos_Bilbao_Carpas-Eventos-scaled.jpg\" data-rel=\"lightbox-image-2\" data-rl_title=\"\" data-rl_caption=\"\" title=\"\"><img loading=\"lazy\" decoding=\"async\" class=\"aligncenter wp-image-4752\" src=\"https:\/\/www.etxekit.com\/wp-content\/uploads\/2020\/06\/carpas_eventos_Bilbao_Carpas-Eventos-scaled.jpg\" alt=\"\" width=\"1124\" height=\"950\" srcset=\"https:\/\/www.etxekit.com\/wp-content\/uploads\/2020\/06\/carpas_eventos_Bilbao_Carpas-Eventos-scaled.jpg 2886w, https:\/\/www.etxekit.com\/wp-content\/uploads\/2020\/06\/carpas_eventos_Bilbao_Carpas-Eventos-300x253.jpg 300w, https:\/\/www.etxekit.com\/wp-content\/uploads\/2020\/06\/carpas_eventos_Bilbao_Carpas-Eventos-1024x865.jpg 1024w, https:\/\/www.etxekit.com\/wp-content\/uploads\/2020\/06\/carpas_eventos_Bilbao_Carpas-Eventos-768x649.jpg 768w, https:\/\/www.etxekit.com\/wp-content\/uploads\/2020\/06\/carpas_eventos_Bilbao_Carpas-Eventos-1536x1298.jpg 1536w, https:\/\/www.etxekit.com\/wp-content\/uploads\/2020\/06\/carpas_eventos_Bilbao_Carpas-Eventos-2048x1730.jpg 2048w, https:\/\/www.etxekit.com\/wp-content\/uploads\/2020\/06\/carpas_eventos_Bilbao_Carpas-Eventos-370x313.jpg 370w, https:\/\/www.etxekit.com\/wp-content\/uploads\/2020\/06\/carpas_eventos_Bilbao_Carpas-Eventos-1200x1014.jpg 1200w, https:\/\/www.etxekit.com\/wp-content\/uploads\/2020\/06\/carpas_eventos_Bilbao_Carpas-Eventos-360x304.jpg 360w\" sizes=\"auto, (max-width: 1124px) 100vw, 1124px\" \/><\/a><\/p>\n<p>Gu, azoken erakusketetan, stand-etan\u2026 jaimen moduko egitura txikiekin hasi ginen lanean.<\/p>\n<p><a href=\"https:\/\/www.etxekit.com\/wp-content\/uploads\/2020\/06\/carpas_eventos_Bilbao_etxekit.jpg\" data-rel=\"lightbox-image-3\" data-rl_title=\"\" data-rl_caption=\"\" title=\"\"><img loading=\"lazy\" decoding=\"async\" class=\"aligncenter size-full wp-image-4760\" src=\"https:\/\/www.etxekit.com\/wp-content\/uploads\/2020\/06\/carpas_eventos_Bilbao_etxekit.jpg\" alt=\"\" width=\"549\" height=\"369\" srcset=\"https:\/\/www.etxekit.com\/wp-content\/uploads\/2020\/06\/carpas_eventos_Bilbao_etxekit.jpg 549w, https:\/\/www.etxekit.com\/wp-content\/uploads\/2020\/06\/carpas_eventos_Bilbao_etxekit-300x202.jpg 300w, https:\/\/www.etxekit.com\/wp-content\/uploads\/2020\/06\/carpas_eventos_Bilbao_etxekit-370x249.jpg 370w, https:\/\/www.etxekit.com\/wp-content\/uploads\/2020\/06\/carpas_eventos_Bilbao_etxekit-360x242.jpg 360w\" sizes=\"auto, (max-width: 549px) 100vw, 549px\" \/><\/a><\/p>\n<p>Neurri eta tipologian egokitzen joan ginen, gure hiriko gertaera naguzietan presentzia izanez.<\/p>\n<p><a href=\"https:\/\/www.etxekit.com\/wp-content\/uploads\/2020\/06\/carpas_eventos_Bilbao_Carpas-inicios.jpg\" data-rel=\"lightbox-image-4\" data-rl_title=\"\" data-rl_caption=\"\" title=\"\"><img loading=\"lazy\" decoding=\"async\" class=\"aligncenter wp-image-4775\" src=\"https:\/\/www.etxekit.com\/wp-content\/uploads\/2020\/06\/carpas_eventos_Bilbao_Carpas-inicios.jpg\" alt=\"\" width=\"900\" height=\"570\" srcset=\"https:\/\/www.etxekit.com\/wp-content\/uploads\/2020\/06\/carpas_eventos_Bilbao_Carpas-inicios.jpg 1816w, https:\/\/www.etxekit.com\/wp-content\/uploads\/2020\/06\/carpas_eventos_Bilbao_Carpas-inicios-300x190.jpg 300w, https:\/\/www.etxekit.com\/wp-content\/uploads\/2020\/06\/carpas_eventos_Bilbao_Carpas-inicios-1024x648.jpg 1024w, https:\/\/www.etxekit.com\/wp-content\/uploads\/2020\/06\/carpas_eventos_Bilbao_Carpas-inicios-768x486.jpg 768w, https:\/\/www.etxekit.com\/wp-content\/uploads\/2020\/06\/carpas_eventos_Bilbao_Carpas-inicios-1536x973.jpg 1536w, https:\/\/www.etxekit.com\/wp-content\/uploads\/2020\/06\/carpas_eventos_Bilbao_Carpas-inicios-370x234.jpg 370w, https:\/\/www.etxekit.com\/wp-content\/uploads\/2020\/06\/carpas_eventos_Bilbao_Carpas-inicios-1200x760.jpg 1200w, https:\/\/www.etxekit.com\/wp-content\/uploads\/2020\/06\/carpas_eventos_Bilbao_Carpas-inicios-360x228.jpg 360w\" sizes=\"auto, (max-width: 900px) 100vw, 900px\" \/><\/a><a href=\"https:\/\/www.etxekit.com\/wp-content\/uploads\/2020\/06\/carpas_eventos_Bilbao_Carpas-inicios.jpg\" data-rel=\"lightbox-image-5\" data-rl_title=\"\" data-rl_caption=\"\" title=\"\"><br \/>\n<\/a><\/p>\n<p>Aldi berean, gure jardun-eremua <strong>industriara<\/strong> zabaltzea erabaki genuen, eta enpresei instalazio horiek lan espazioak eta <span style=\"color: #0000ff;\"><a style=\"color: #0000ff;\" href=\"https:\/\/www.etxekit.com\/eu\/industrial-y-almacenamiento\/\">aldi baterako biltegi edo biltegi iraunkor<\/a><\/span> bezala erabiltzeko orientazioa emanez.<\/p>\n<p><a href=\"https:\/\/www.etxekit.com\/wp-content\/uploads\/2020\/06\/carpas_eventos_Bilbao_Carpas-industria-scaled.jpg\" data-rel=\"lightbox-image-6\" data-rl_title=\"\" data-rl_caption=\"\" title=\"\"><img loading=\"lazy\" decoding=\"async\" class=\"aligncenter wp-image-4758\" src=\"https:\/\/www.etxekit.com\/wp-content\/uploads\/2020\/06\/carpas_eventos_Bilbao_Carpas-industria-scaled.jpg\" alt=\"\" width=\"898\" height=\"434\" srcset=\"https:\/\/www.etxekit.com\/wp-content\/uploads\/2020\/06\/carpas_eventos_Bilbao_Carpas-industria-scaled.jpg 3083w, https:\/\/www.etxekit.com\/wp-content\/uploads\/2020\/06\/carpas_eventos_Bilbao_Carpas-industria-300x145.jpg 300w, https:\/\/www.etxekit.com\/wp-content\/uploads\/2020\/06\/carpas_eventos_Bilbao_Carpas-industria-1024x495.jpg 1024w, https:\/\/www.etxekit.com\/wp-content\/uploads\/2020\/06\/carpas_eventos_Bilbao_Carpas-industria-768x371.jpg 768w, https:\/\/www.etxekit.com\/wp-content\/uploads\/2020\/06\/carpas_eventos_Bilbao_Carpas-industria-1536x742.jpg 1536w, https:\/\/www.etxekit.com\/wp-content\/uploads\/2020\/06\/carpas_eventos_Bilbao_Carpas-industria-2048x989.jpg 2048w, https:\/\/www.etxekit.com\/wp-content\/uploads\/2020\/06\/carpas_eventos_Bilbao_Carpas-industria-370x179.jpg 370w, https:\/\/www.etxekit.com\/wp-content\/uploads\/2020\/06\/carpas_eventos_Bilbao_Carpas-industria-1200x580.jpg 1200w, https:\/\/www.etxekit.com\/wp-content\/uploads\/2020\/06\/carpas_eventos_Bilbao_Carpas-industria-360x174.jpg 360w\" sizes=\"auto, (max-width: 898px) 100vw, 898px\" \/><\/a><\/p>\n<p>Karpeetan gehien erabiltzen den forma olana sinpleko bi isurkiko estalkia duena bada ere, material berriak agertzean <strong>estalki presurizatuekin<\/strong>, berogailuekin eta hainbat akaberako itxitura perimetralekin: greka panela, sandwich panela, beirateak dituzten pabilioiak sortzeko aukera ematen du, egitura erresistenteagoak eta isolatzaileagoak sortuz.<\/p>\n<p><a href=\"https:\/\/www.etxekit.com\/wp-content\/uploads\/2020\/06\/carpas_eventos_Bilbao_Carpas-industria-3.jpg\" data-rel=\"lightbox-image-7\" data-rl_title=\"\" data-rl_caption=\"\" title=\"\"><img loading=\"lazy\" decoding=\"async\" class=\"aligncenter wp-image-4756\" src=\"https:\/\/www.etxekit.com\/wp-content\/uploads\/2020\/06\/carpas_eventos_Bilbao_Carpas-industria-3.jpg\" alt=\"\" width=\"925\" height=\"551\" srcset=\"https:\/\/www.etxekit.com\/wp-content\/uploads\/2020\/06\/carpas_eventos_Bilbao_Carpas-industria-3.jpg 1705w, https:\/\/www.etxekit.com\/wp-content\/uploads\/2020\/06\/carpas_eventos_Bilbao_Carpas-industria-3-300x179.jpg 300w, https:\/\/www.etxekit.com\/wp-content\/uploads\/2020\/06\/carpas_eventos_Bilbao_Carpas-industria-3-1024x610.jpg 1024w, https:\/\/www.etxekit.com\/wp-content\/uploads\/2020\/06\/carpas_eventos_Bilbao_Carpas-industria-3-768x457.jpg 768w, https:\/\/www.etxekit.com\/wp-content\/uploads\/2020\/06\/carpas_eventos_Bilbao_Carpas-industria-3-1536x914.jpg 1536w, https:\/\/www.etxekit.com\/wp-content\/uploads\/2020\/06\/carpas_eventos_Bilbao_Carpas-industria-3-370x220.jpg 370w, https:\/\/www.etxekit.com\/wp-content\/uploads\/2020\/06\/carpas_eventos_Bilbao_Carpas-industria-3-1200x714.jpg 1200w, https:\/\/www.etxekit.com\/wp-content\/uploads\/2020\/06\/carpas_eventos_Bilbao_Carpas-industria-3-360x214.jpg 360w\" sizes=\"auto, (max-width: 925px) 100vw, 925px\" \/><\/a><\/p>\n<p>Egitura bera merkatuaren eskakizun berrietara egokitzen ari da. Horrela, gaur egun, bi isurkiko estalkiez gain, estalki poligonalekin edo forma kurboko estalkiekin ere lan egiten dugu.<\/p>\n<p><a href=\"https:\/\/www.etxekit.com\/wp-content\/uploads\/2020\/06\/carpas_eventos_Bilbao_Carpa-techo-curbo.jpg\" data-rel=\"lightbox-image-8\" data-rl_title=\"\" data-rl_caption=\"\" title=\"\"><img loading=\"lazy\" decoding=\"async\" class=\"aligncenter size-full wp-image-4750\" src=\"https:\/\/www.etxekit.com\/wp-content\/uploads\/2020\/06\/carpas_eventos_Bilbao_Carpa-techo-curbo.jpg\" alt=\"\" width=\"817\" height=\"609\" srcset=\"https:\/\/www.etxekit.com\/wp-content\/uploads\/2020\/06\/carpas_eventos_Bilbao_Carpa-techo-curbo.jpg 817w, https:\/\/www.etxekit.com\/wp-content\/uploads\/2020\/06\/carpas_eventos_Bilbao_Carpa-techo-curbo-300x224.jpg 300w, https:\/\/www.etxekit.com\/wp-content\/uploads\/2020\/06\/carpas_eventos_Bilbao_Carpa-techo-curbo-768x572.jpg 768w, https:\/\/www.etxekit.com\/wp-content\/uploads\/2020\/06\/carpas_eventos_Bilbao_Carpa-techo-curbo-370x276.jpg 370w, https:\/\/www.etxekit.com\/wp-content\/uploads\/2020\/06\/carpas_eventos_Bilbao_Carpa-techo-curbo-360x267.jpg 360w\" sizes=\"auto, (max-width: 817px) 100vw, 817px\" \/><\/a><\/p>\n<p><strong>Zer erabilera izan dezakete karpek?<\/strong><\/p>\n<p>Karpak, ekitaldi edo jai jakinetarako erabiltzeaz gain, kirol-espazioak, parkeak, makineria, merkantziak, estaltzeko ere erabil daitezke, baita <span style=\"color: #0000ff;\"><a style=\"color: #0000ff;\" href=\"https:\/\/www.etxekit.com\/eu\/industrial-y-almacenamiento\/\">enpresen instalazioak<\/a><\/span> handitzeko ere, mota guztietako sektoreak edo enpresak barne hartzen baititu industria-eremuan: logistika, Biltegiratzea, Automozioa, Portuetako Nabeak, Hangar Aeroespazialak&#8230;<\/p>\n<p><a href=\"https:\/\/www.etxekit.com\/wp-content\/uploads\/2020\/06\/carpas_eventos_Bilbao_Carpas-industria-2-scaled.jpg\" data-rel=\"lightbox-image-9\" data-rl_title=\"\" data-rl_caption=\"\" title=\"\"><img loading=\"lazy\" decoding=\"async\" class=\"aligncenter wp-image-4754\" src=\"https:\/\/www.etxekit.com\/wp-content\/uploads\/2020\/06\/carpas_eventos_Bilbao_Carpas-industria-2-scaled.jpg\" alt=\"\" width=\"926\" height=\"567\" srcset=\"https:\/\/www.etxekit.com\/wp-content\/uploads\/2020\/06\/carpas_eventos_Bilbao_Carpas-industria-2-scaled.jpg 5362w, https:\/\/www.etxekit.com\/wp-content\/uploads\/2020\/06\/carpas_eventos_Bilbao_Carpas-industria-2-300x184.jpg 300w, https:\/\/www.etxekit.com\/wp-content\/uploads\/2020\/06\/carpas_eventos_Bilbao_Carpas-industria-2-1024x627.jpg 1024w, https:\/\/www.etxekit.com\/wp-content\/uploads\/2020\/06\/carpas_eventos_Bilbao_Carpas-industria-2-768x470.jpg 768w, https:\/\/www.etxekit.com\/wp-content\/uploads\/2020\/06\/carpas_eventos_Bilbao_Carpas-industria-2-1536x940.jpg 1536w, https:\/\/www.etxekit.com\/wp-content\/uploads\/2020\/06\/carpas_eventos_Bilbao_Carpas-industria-2-2048x1254.jpg 2048w, https:\/\/www.etxekit.com\/wp-content\/uploads\/2020\/06\/carpas_eventos_Bilbao_Carpas-industria-2-370x226.jpg 370w, https:\/\/www.etxekit.com\/wp-content\/uploads\/2020\/06\/carpas_eventos_Bilbao_Carpas-industria-2-1200x735.jpg 1200w, https:\/\/www.etxekit.com\/wp-content\/uploads\/2020\/06\/carpas_eventos_Bilbao_Carpas-industria-2-360x220.jpg 360w\" sizes=\"auto, (max-width: 926px) 100vw, 926px\" \/><\/a><\/p>\n<p><strong>Zer araudi aplikatzen da karpak instalatzeko?<\/strong><\/p>\n<p>Karpak instalatzeko, arau hauek bete behar ditugu:<\/p>\n<p>\u2013 <span style=\"color: #0000ff;\"><a style=\"color: #0000ff;\" href=\"https:\/\/www.aenor.com\/normas-y-libros\/buscador-de-normas\/une?c=N0056461\">UNE 13782 Denbora-egiturak. Karpak. Segurtasuna.<\/a><\/span><\/p>\n<p>\u2013 <a href=\"https:\/\/www.une.org\/encuentra-tu-norma\/busca-tu-norma\/norma\/?c=N0002469\"><span style=\"color: #0000ff;\">UNE 23727 Materialen suarekiko erreakzio-saiakuntzak.Eraikuntzan erabilitako materialen sailkapena.\u00a0<span class=\"constant\">M2<\/span>\u00a0suaren aurkako erresistentziako sailkapena<\/span><\/a><\/p>\n<p>\u2013 <span style=\"color: #0000ff;\"><a style=\"color: #0000ff;\" href=\"https:\/\/www.boe.es\/buscar\/act.php?id=BOE-A-1995-24292\">31\/1995 Legea, azaroaren 8koa, Lan Arriskuen Prebentzioari buruzkoa.<\/a><\/span><\/p>\n<p>Karpak muntatzeko, teknikari eskudun elkargokide batek sinatutako muntaketa-ziurtagiria aurkeztu beharko da.<\/p>\n<p>Ekitaldiei dagokienez, Euskadin, <span style=\"color: #0000ff;\"><a style=\"color: #0000ff;\" href=\"https:\/\/www.legegunea.euskadi.eus\/eli\/es-pv\/l\/2015\/12\/23\/10\/dof\/eus\/html\/x59-preview\/eu\/\">Eusko Jaurlaritzaren Jendaurreko Ikuskizunen eta Jolas Jardueren abenduaren 23ko 10\/2015 Legea<\/a><\/span> eta <span style=\"color: #0000ff;\"><a style=\"color: #0000ff;\" href=\"https:\/\/www.euskadi.eus\/y22-bopv\/es\/p43aBOPVWebWar\/VerParalelo.do?cd2019000922\">otsailaren 5eko 17\/2019 Dekretua<\/a><\/span> ditugu arau; Espainian, berriz, <span style=\"color: #0000ff;\"><a style=\"color: #0000ff;\" href=\"https:\/\/www.boe.es\/buscar\/doc.php?id=BOE-A-1982-28915\">abuztuaren 27ko 2816\/1982 Errege Dekretua, Ikuskizun eta Jolas Jardueretarako Poliziaren Erregelamendu Orokorra onartzen duena (azaroaren 6ko BOE)<\/a><\/span>.<\/p>\n<p>Hurrengo artikuluan jaietarako azpiegituren bilakaera aztertuko dugu.<\/p>\n<p><strong>Ez galdu hurrengo sarrera!<\/strong><\/p>\n","protected":false},"excerpt":{"rendered":"<p>Aurreko blog sarreran, Etxekit-en 30 urte hauetan moduluek eta eraikuntza modularrak izandako eboluzioaz hitz egin genuen. Oraingo honetan, karpek gure historian eta gure enpresaren bizitzan izandako eboluzioaz hitz egingo dugu. Karpen jatorria nahasia da, batzuek nomaden dendak, kanpin-denda edo zirkuen&#8230;<\/p>\n","protected":false},"author":4,"featured_media":4780,"comment_status":"closed","ping_status":"closed","sticky":false,"template":"","format":"standard","meta":{"footnotes":""},"categories":[43,35,28,38,42,1,25],"tags":[159,158,154,156,150,147,116,160,157,155],"class_list":["post-4786","post","type-post","status-publish","format-standard","has-post-thumbnail","hentry","category-albiste","category-evento-corporativo","category-eventos-eu","category-innovacion-eu","category-noticias","category-sin-categoria","category-sin-categoria-eu","tag-almacen","tag-almacenes","tag-carpa","tag-carpas-almacenaje","tag-carpas-etxekit","tag-carpas-industriales","tag-etxekit","tag-etxekit-karpak","tag-industria","tag-karpa"],"yoast_head":"<!-- This site is optimized with the Yoast SEO plugin v27.2 - https:\/\/yoast.com\/product\/yoast-seo-wordpress\/ -->\n<title>KARPEN EBOLUZIOA ETXEKIT-EN - Etxekit | Soluciones Modulares<\/title>\n<meta name=\"robots\" content=\"index, follow, max-snippet:-1, max-image-preview:large, max-video-preview:-1\" \/>\n<link rel=\"canonical\" href=\"https:\/\/www.etxekit.com\/eu\/karpen-eboluzioa-etxekit-en\/\" \/>\n<meta property=\"og:locale\" content=\"en_US\" \/>\n<meta property=\"og:type\" content=\"article\" \/>\n<meta property=\"og:title\" content=\"KARPEN EBOLUZIOA ETXEKIT-EN - Etxekit | Soluciones Modulares\" \/>\n<meta property=\"og:description\" content=\"Aurreko blog sarreran, Etxekit-en 30 urte hauetan moduluek eta eraikuntza modularrak izandako eboluzioaz hitz egin genuen. Oraingo honetan, karpek gure historian eta gure enpresaren bizitzan izandako eboluzioaz hitz egingo dugu. Karpen jatorria nahasia da, batzuek nomaden dendak, kanpin-denda edo zirkuen...\" \/>\n<meta property=\"og:url\" content=\"https:\/\/www.etxekit.com\/eu\/karpen-eboluzioa-etxekit-en\/\" \/>\n<meta property=\"og:site_name\" content=\"Etxekit | Soluciones Modulares\" \/>\n<meta property=\"article:published_time\" content=\"2020-06-15T08:43:48+00:00\" \/>\n<meta property=\"article:modified_time\" content=\"2021-02-12T08:15:40+00:00\" \/>\n<meta property=\"og:image\" content=\"https:\/\/www.etxekit.com\/wp-content\/uploads\/2020\/06\/carpas_eventos_Bilbao_Nomandas-circo-titulo.jpg\" \/>\n\t<meta property=\"og:image:width\" content=\"1085\" \/>\n\t<meta property=\"og:image:height\" content=\"213\" \/>\n\t<meta property=\"og:image:type\" content=\"image\/jpeg\" \/>\n<meta name=\"author\" content=\"Etxekit\" \/>\n<meta name=\"twitter:card\" content=\"summary_large_image\" \/>\n<meta name=\"twitter:label1\" content=\"Written by\" \/>\n\t<meta name=\"twitter:data1\" content=\"Etxekit\" \/>\n\t<meta name=\"twitter:label2\" content=\"Est. reading time\" \/>\n\t<meta name=\"twitter:data2\" content=\"2 minutua\" \/>\n<script type=\"application\/ld+json\" class=\"yoast-schema-graph\">{\"@context\":\"https:\/\/schema.org\",\"@graph\":[{\"@type\":\"Article\",\"@id\":\"https:\/\/www.etxekit.com\/eu\/karpen-eboluzioa-etxekit-en\/#article\",\"isPartOf\":{\"@id\":\"https:\/\/www.etxekit.com\/eu\/karpen-eboluzioa-etxekit-en\/\"},\"author\":{\"name\":\"Etxekit\",\"@id\":\"https:\/\/www.etxekit.com\/#\/schema\/person\/580977801d8357b34882dfa33f82ce18\"},\"headline\":\"KARPEN EBOLUZIOA ETXEKIT-EN\",\"datePublished\":\"2020-06-15T08:43:48+00:00\",\"dateModified\":\"2021-02-12T08:15:40+00:00\",\"mainEntityOfPage\":{\"@id\":\"https:\/\/www.etxekit.com\/eu\/karpen-eboluzioa-etxekit-en\/\"},\"wordCount\":309,\"image\":{\"@id\":\"https:\/\/www.etxekit.com\/eu\/karpen-eboluzioa-etxekit-en\/#primaryimage\"},\"thumbnailUrl\":\"https:\/\/www.etxekit.com\/wp-content\/uploads\/2020\/06\/carpas_eventos_Bilbao_Nomandas-circo-titulo.jpg\",\"keywords\":[\"almac\u00e9n\",\"almacenes\",\"carpa\",\"carpas almacenaje\",\"Carpas Etxekit\",\"carpas industriales\",\"Etxekit\",\"Etxekit karpak\",\"industria\",\"karpa\"],\"articleSection\":[\"Albiste\",\"Evento Corporativo\",\"Eventos\",\"Innovaci\u00f3n\",\"Noticias\",\"Sin categor\u00eda\",\"Sin categor\u00eda @eu\"],\"inLanguage\":\"eu\"},{\"@type\":\"WebPage\",\"@id\":\"https:\/\/www.etxekit.com\/eu\/karpen-eboluzioa-etxekit-en\/\",\"url\":\"https:\/\/www.etxekit.com\/eu\/karpen-eboluzioa-etxekit-en\/\",\"name\":\"KARPEN EBOLUZIOA ETXEKIT-EN - Etxekit | Soluciones Modulares\",\"isPartOf\":{\"@id\":\"https:\/\/www.etxekit.com\/#website\"},\"primaryImageOfPage\":{\"@id\":\"https:\/\/www.etxekit.com\/eu\/karpen-eboluzioa-etxekit-en\/#primaryimage\"},\"image\":{\"@id\":\"https:\/\/www.etxekit.com\/eu\/karpen-eboluzioa-etxekit-en\/#primaryimage\"},\"thumbnailUrl\":\"https:\/\/www.etxekit.com\/wp-content\/uploads\/2020\/06\/carpas_eventos_Bilbao_Nomandas-circo-titulo.jpg\",\"datePublished\":\"2020-06-15T08:43:48+00:00\",\"dateModified\":\"2021-02-12T08:15:40+00:00\",\"author\":{\"@id\":\"https:\/\/www.etxekit.com\/#\/schema\/person\/580977801d8357b34882dfa33f82ce18\"},\"breadcrumb\":{\"@id\":\"https:\/\/www.etxekit.com\/eu\/karpen-eboluzioa-etxekit-en\/#breadcrumb\"},\"inLanguage\":\"eu\",\"potentialAction\":[{\"@type\":\"ReadAction\",\"target\":[\"https:\/\/www.etxekit.com\/eu\/karpen-eboluzioa-etxekit-en\/\"]}]},{\"@type\":\"ImageObject\",\"inLanguage\":\"eu\",\"@id\":\"https:\/\/www.etxekit.com\/eu\/karpen-eboluzioa-etxekit-en\/#primaryimage\",\"url\":\"https:\/\/www.etxekit.com\/wp-content\/uploads\/2020\/06\/carpas_eventos_Bilbao_Nomandas-circo-titulo.jpg\",\"contentUrl\":\"https:\/\/www.etxekit.com\/wp-content\/uploads\/2020\/06\/carpas_eventos_Bilbao_Nomandas-circo-titulo.jpg\",\"width\":1085,\"height\":213},{\"@type\":\"BreadcrumbList\",\"@id\":\"https:\/\/www.etxekit.com\/eu\/karpen-eboluzioa-etxekit-en\/#breadcrumb\",\"itemListElement\":[{\"@type\":\"ListItem\",\"position\":1,\"name\":\"Portada\",\"item\":\"https:\/\/www.etxekit.com\/eu\/home\/\"},{\"@type\":\"ListItem\",\"position\":2,\"name\":\"KARPEN EBOLUZIOA ETXEKIT-EN\"}]},{\"@type\":\"WebSite\",\"@id\":\"https:\/\/www.etxekit.com\/#website\",\"url\":\"https:\/\/www.etxekit.com\/\",\"name\":\"Etxekit | Soluciones Modulares\",\"description\":\"\",\"potentialAction\":[{\"@type\":\"SearchAction\",\"target\":{\"@type\":\"EntryPoint\",\"urlTemplate\":\"https:\/\/www.etxekit.com\/?s={search_term_string}\"},\"query-input\":{\"@type\":\"PropertyValueSpecification\",\"valueRequired\":true,\"valueName\":\"search_term_string\"}}],\"inLanguage\":\"eu\"},{\"@type\":\"Person\",\"@id\":\"https:\/\/www.etxekit.com\/#\/schema\/person\/580977801d8357b34882dfa33f82ce18\",\"name\":\"Etxekit\",\"image\":{\"@type\":\"ImageObject\",\"inLanguage\":\"eu\",\"@id\":\"https:\/\/secure.gravatar.com\/avatar\/d834642919a9e3f0b5b70c2b9b528e50f5b560e29f8ae3fc368b1f585fcdd487?s=96&d=mm&r=g\",\"url\":\"https:\/\/secure.gravatar.com\/avatar\/d834642919a9e3f0b5b70c2b9b528e50f5b560e29f8ae3fc368b1f585fcdd487?s=96&d=mm&r=g\",\"contentUrl\":\"https:\/\/secure.gravatar.com\/avatar\/d834642919a9e3f0b5b70c2b9b528e50f5b560e29f8ae3fc368b1f585fcdd487?s=96&d=mm&r=g\",\"caption\":\"Etxekit\"},\"url\":\"https:\/\/www.etxekit.com\/eu\/author\/etxekit\/\"}]}<\/script>\n<!-- \/ Yoast SEO plugin. -->","yoast_head_json":{"title":"KARPEN EBOLUZIOA ETXEKIT-EN - Etxekit | Soluciones Modulares","robots":{"index":"index","follow":"follow","max-snippet":"max-snippet:-1","max-image-preview":"max-image-preview:large","max-video-preview":"max-video-preview:-1"},"canonical":"https:\/\/www.etxekit.com\/eu\/karpen-eboluzioa-etxekit-en\/","og_locale":"en_US","og_type":"article","og_title":"KARPEN EBOLUZIOA ETXEKIT-EN - Etxekit | Soluciones Modulares","og_description":"Aurreko blog sarreran, Etxekit-en 30 urte hauetan moduluek eta eraikuntza modularrak izandako eboluzioaz hitz egin genuen. Oraingo honetan, karpek gure historian eta gure enpresaren bizitzan izandako eboluzioaz hitz egingo dugu. Karpen jatorria nahasia da, batzuek nomaden dendak, kanpin-denda edo zirkuen...","og_url":"https:\/\/www.etxekit.com\/eu\/karpen-eboluzioa-etxekit-en\/","og_site_name":"Etxekit | Soluciones Modulares","article_published_time":"2020-06-15T08:43:48+00:00","article_modified_time":"2021-02-12T08:15:40+00:00","og_image":[{"width":1085,"height":213,"url":"https:\/\/www.etxekit.com\/wp-content\/uploads\/2020\/06\/carpas_eventos_Bilbao_Nomandas-circo-titulo.jpg","type":"image\/jpeg"}],"author":"Etxekit","twitter_card":"summary_large_image","twitter_misc":{"Written by":"Etxekit","Est. reading time":"2 minutua"},"schema":{"@context":"https:\/\/schema.org","@graph":[{"@type":"Article","@id":"https:\/\/www.etxekit.com\/eu\/karpen-eboluzioa-etxekit-en\/#article","isPartOf":{"@id":"https:\/\/www.etxekit.com\/eu\/karpen-eboluzioa-etxekit-en\/"},"author":{"name":"Etxekit","@id":"https:\/\/www.etxekit.com\/#\/schema\/person\/580977801d8357b34882dfa33f82ce18"},"headline":"KARPEN EBOLUZIOA ETXEKIT-EN","datePublished":"2020-06-15T08:43:48+00:00","dateModified":"2021-02-12T08:15:40+00:00","mainEntityOfPage":{"@id":"https:\/\/www.etxekit.com\/eu\/karpen-eboluzioa-etxekit-en\/"},"wordCount":309,"image":{"@id":"https:\/\/www.etxekit.com\/eu\/karpen-eboluzioa-etxekit-en\/#primaryimage"},"thumbnailUrl":"https:\/\/www.etxekit.com\/wp-content\/uploads\/2020\/06\/carpas_eventos_Bilbao_Nomandas-circo-titulo.jpg","keywords":["almac\u00e9n","almacenes","carpa","carpas almacenaje","Carpas Etxekit","carpas industriales","Etxekit","Etxekit karpak","industria","karpa"],"articleSection":["Albiste","Evento Corporativo","Eventos","Innovaci\u00f3n","Noticias","Sin categor\u00eda","Sin categor\u00eda @eu"],"inLanguage":"eu"},{"@type":"WebPage","@id":"https:\/\/www.etxekit.com\/eu\/karpen-eboluzioa-etxekit-en\/","url":"https:\/\/www.etxekit.com\/eu\/karpen-eboluzioa-etxekit-en\/","name":"KARPEN EBOLUZIOA ETXEKIT-EN - Etxekit | Soluciones Modulares","isPartOf":{"@id":"https:\/\/www.etxekit.com\/#website"},"primaryImageOfPage":{"@id":"https:\/\/www.etxekit.com\/eu\/karpen-eboluzioa-etxekit-en\/#primaryimage"},"image":{"@id":"https:\/\/www.etxekit.com\/eu\/karpen-eboluzioa-etxekit-en\/#primaryimage"},"thumbnailUrl":"https:\/\/www.etxekit.com\/wp-content\/uploads\/2020\/06\/carpas_eventos_Bilbao_Nomandas-circo-titulo.jpg","datePublished":"2020-06-15T08:43:48+00:00","dateModified":"2021-02-12T08:15:40+00:00","author":{"@id":"https:\/\/www.etxekit.com\/#\/schema\/person\/580977801d8357b34882dfa33f82ce18"},"breadcrumb":{"@id":"https:\/\/www.etxekit.com\/eu\/karpen-eboluzioa-etxekit-en\/#breadcrumb"},"inLanguage":"eu","potentialAction":[{"@type":"ReadAction","target":["https:\/\/www.etxekit.com\/eu\/karpen-eboluzioa-etxekit-en\/"]}]},{"@type":"ImageObject","inLanguage":"eu","@id":"https:\/\/www.etxekit.com\/eu\/karpen-eboluzioa-etxekit-en\/#primaryimage","url":"https:\/\/www.etxekit.com\/wp-content\/uploads\/2020\/06\/carpas_eventos_Bilbao_Nomandas-circo-titulo.jpg","contentUrl":"https:\/\/www.etxekit.com\/wp-content\/uploads\/2020\/06\/carpas_eventos_Bilbao_Nomandas-circo-titulo.jpg","width":1085,"height":213},{"@type":"BreadcrumbList","@id":"https:\/\/www.etxekit.com\/eu\/karpen-eboluzioa-etxekit-en\/#breadcrumb","itemListElement":[{"@type":"ListItem","position":1,"name":"Portada","item":"https:\/\/www.etxekit.com\/eu\/home\/"},{"@type":"ListItem","position":2,"name":"KARPEN EBOLUZIOA ETXEKIT-EN"}]},{"@type":"WebSite","@id":"https:\/\/www.etxekit.com\/#website","url":"https:\/\/www.etxekit.com\/","name":"Etxekit | Soluciones Modulares","description":"","potentialAction":[{"@type":"SearchAction","target":{"@type":"EntryPoint","urlTemplate":"https:\/\/www.etxekit.com\/?s={search_term_string}"},"query-input":{"@type":"PropertyValueSpecification","valueRequired":true,"valueName":"search_term_string"}}],"inLanguage":"eu"},{"@type":"Person","@id":"https:\/\/www.etxekit.com\/#\/schema\/person\/580977801d8357b34882dfa33f82ce18","name":"Etxekit","image":{"@type":"ImageObject","inLanguage":"eu","@id":"https:\/\/secure.gravatar.com\/avatar\/d834642919a9e3f0b5b70c2b9b528e50f5b560e29f8ae3fc368b1f585fcdd487?s=96&d=mm&r=g","url":"https:\/\/secure.gravatar.com\/avatar\/d834642919a9e3f0b5b70c2b9b528e50f5b560e29f8ae3fc368b1f585fcdd487?s=96&d=mm&r=g","contentUrl":"https:\/\/secure.gravatar.com\/avatar\/d834642919a9e3f0b5b70c2b9b528e50f5b560e29f8ae3fc368b1f585fcdd487?s=96&d=mm&r=g","caption":"Etxekit"},"url":"https:\/\/www.etxekit.com\/eu\/author\/etxekit\/"}]}},"_links":{"self":[{"href":"https:\/\/www.etxekit.com\/eu\/wp-json\/wp\/v2\/posts\/4786","targetHints":{"allow":["GET"]}}],"collection":[{"href":"https:\/\/www.etxekit.com\/eu\/wp-json\/wp\/v2\/posts"}],"about":[{"href":"https:\/\/www.etxekit.com\/eu\/wp-json\/wp\/v2\/types\/post"}],"author":[{"embeddable":true,"href":"https:\/\/www.etxekit.com\/eu\/wp-json\/wp\/v2\/users\/4"}],"replies":[{"embeddable":true,"href":"https:\/\/www.etxekit.com\/eu\/wp-json\/wp\/v2\/comments?post=4786"}],"version-history":[{"count":5,"href":"https:\/\/www.etxekit.com\/eu\/wp-json\/wp\/v2\/posts\/4786\/revisions"}],"predecessor-version":[{"id":5454,"href":"https:\/\/www.etxekit.com\/eu\/wp-json\/wp\/v2\/posts\/4786\/revisions\/5454"}],"wp:featuredmedia":[{"embeddable":true,"href":"https:\/\/www.etxekit.com\/eu\/wp-json\/wp\/v2\/media\/4780"}],"wp:attachment":[{"href":"https:\/\/www.etxekit.com\/eu\/wp-json\/wp\/v2\/media?parent=4786"}],"wp:term":[{"taxonomy":"category","embeddable":true,"href":"https:\/\/www.etxekit.com\/eu\/wp-json\/wp\/v2\/categories?post=4786"},{"taxonomy":"post_tag","embeddable":true,"href":"https:\/\/www.etxekit.com\/eu\/wp-json\/wp\/v2\/tags?post=4786"}],"curies":[{"name":"wp","href":"https:\/\/api.w.org\/{rel}","templated":true}]}}